{"id":12038,"date":"2024-08-01T17:00:38","date_gmt":"2024-08-01T17:00:38","guid":{"rendered":"https:\/\/griegc.com\/?p=12038"},"modified":"2025-04-27T17:06:29","modified_gmt":"2025-04-27T17:06:29","slug":"el-forti-de-la-mota-de-sant-pere-de-cubelles-barcelona","status":"publish","type":"post","link":"https:\/\/griegc.com\/ca\/2024\/08\/01\/el-forti-de-la-mota-de-sant-pere-de-cubelles-barcelona\/","title":{"rendered":"El Fort\u00ed de la Mota de Sant Pere de Cubelles (Barcelona)"},"content":{"rendered":"<p>El Fort\u00ed de la Guerra Civil de la Mota de Sant Pere de Cubelles \u00e9s una pe\u00e7a \u00fanica a tota Catalunya en quant al patrimoni b\u00e8l\u00b7lic del conflicte es refereix, no trobant-se altre fortificaci\u00f3 semblant no tan sols a tota la costa catalana, si no tampoc a tot el territori.<\/p>\n<p>La seva construcci\u00f3 es va realitzar durant els primers mesos de 1937 en previsi\u00f3 de fer front a un posible desembarcament de tropes franquistes al litoral de Cubelles, concretament a la desmbocadura del riu Foix, un dels punts considerats com dels m\u00e9s vulnerables de la costa catalana.<\/p>\n<p>El Fort\u00ed de la Mota de Sant Pere correspon a l\u2019empla\u00e7ament d\u2019un punt de suport, a Cubelles, molt a prop de l\u2019antiga caserna dels carrabiners. L&#8217;anomenat fort\u00ed compta amb una galeria subterr\u00e0nia amb dos entrades, trobant-se al seu interior 56 espitlleres per fusellers; dos nius de metralladores senzills; un observatori i dos espais petits per latrines i pous. La galeria compta amb un esgla\u00f3 continu situat al costat on es troben les espitlleres per fusellers que servia per no impedir el pas una vegada els soldats havien de fer foc des del seu interior.<\/p>\n<p>&nbsp;<\/p>\n<p><img loading=\"lazy\" decoding=\"async\" class=\" wp-image-12030 aligncenter\" src=\"https:\/\/griegc.com\/wp-content\/uploads\/2025\/04\/Planol-Cubelles-242x300.jpg\" alt=\"\" width=\"595\" height=\"738\" srcset=\"https:\/\/griegc.com\/wp-content\/uploads\/2025\/04\/Planol-Cubelles-242x300.jpg 242w, https:\/\/griegc.com\/wp-content\/uploads\/2025\/04\/Planol-Cubelles-600x743.jpg 600w, https:\/\/griegc.com\/wp-content\/uploads\/2025\/04\/Planol-Cubelles.jpg 637w\" sizes=\"auto, (max-width: 595px) 100vw, 595px\" \/><\/p>\n<p><img loading=\"lazy\" decoding=\"async\" class=\" wp-image-12036 aligncenter\" src=\"https:\/\/griegc.com\/wp-content\/uploads\/2025\/04\/Planol-Cubelles-3-300x195.jpg\" alt=\"\" width=\"605\" height=\"393\" srcset=\"https:\/\/griegc.com\/wp-content\/uploads\/2025\/04\/Planol-Cubelles-3-300x195.jpg 300w, https:\/\/griegc.com\/wp-content\/uploads\/2025\/04\/Planol-Cubelles-3-768x500.jpg 768w, https:\/\/griegc.com\/wp-content\/uploads\/2025\/04\/Planol-Cubelles-3-400x260.jpg 400w, https:\/\/griegc.com\/wp-content\/uploads\/2025\/04\/Planol-Cubelles-3-700x456.jpg 700w, https:\/\/griegc.com\/wp-content\/uploads\/2025\/04\/Planol-Cubelles-3-600x391.jpg 600w, https:\/\/griegc.com\/wp-content\/uploads\/2025\/04\/Planol-Cubelles-3.jpg 798w\" sizes=\"auto, (max-width: 605px) 100vw, 605px\" \/><\/p>\n<p><img loading=\"lazy\" decoding=\"async\" class=\" wp-image-12034 aligncenter\" src=\"https:\/\/griegc.com\/wp-content\/uploads\/2025\/04\/Planol-Cubelles-2-300x195.jpg\" alt=\"\" width=\"605\" height=\"393\" srcset=\"https:\/\/griegc.com\/wp-content\/uploads\/2025\/04\/Planol-Cubelles-2-300x195.jpg 300w, https:\/\/griegc.com\/wp-content\/uploads\/2025\/04\/Planol-Cubelles-2-768x499.jpg 768w, https:\/\/griegc.com\/wp-content\/uploads\/2025\/04\/Planol-Cubelles-2-400x260.jpg 400w, https:\/\/griegc.com\/wp-content\/uploads\/2025\/04\/Planol-Cubelles-2-700x455.jpg 700w, https:\/\/griegc.com\/wp-content\/uploads\/2025\/04\/Planol-Cubelles-2-600x390.jpg 600w, https:\/\/griegc.com\/wp-content\/uploads\/2025\/04\/Planol-Cubelles-2.jpg 798w\" sizes=\"auto, (max-width: 605px) 100vw, 605px\" \/><\/p>\n<p><img loading=\"lazy\" decoding=\"async\" class=\" wp-image-12032 aligncenter\" src=\"https:\/\/griegc.com\/wp-content\/uploads\/2025\/04\/Planol-Cubelles-1-300x200.jpg\" alt=\"\" width=\"605\" height=\"403\" srcset=\"https:\/\/griegc.com\/wp-content\/uploads\/2025\/04\/Planol-Cubelles-1-300x200.jpg 300w, https:\/\/griegc.com\/wp-content\/uploads\/2025\/04\/Planol-Cubelles-1-768x511.jpg 768w, https:\/\/griegc.com\/wp-content\/uploads\/2025\/04\/Planol-Cubelles-1-700x466.jpg 700w, https:\/\/griegc.com\/wp-content\/uploads\/2025\/04\/Planol-Cubelles-1-600x400.jpg 600w, https:\/\/griegc.com\/wp-content\/uploads\/2025\/04\/Planol-Cubelles-1.jpg 874w\" sizes=\"auto, (max-width: 605px) 100vw, 605px\" \/><\/p>\n<p style=\"text-align: center;\"><strong>Planimetries del Fort\u00ed de la Mota de Sant Pere (general i espec\u00edfiques)<\/strong><\/p>\n<p style=\"text-align: center;\">RAMOS, Jordi (2009) <em>El Patrimoni de la Guerra Civi a Cubelles (1936-1939)<\/em>. Ajuntament de Cubelles.<\/p>\n<p>&nbsp;<\/p>\n<p><img loading=\"lazy\" decoding=\"async\" class=\" wp-image-12028 aligncenter\" src=\"https:\/\/griegc.com\/wp-content\/uploads\/2025\/04\/19-300x225.jpg\" alt=\"\" width=\"599\" height=\"449\" srcset=\"https:\/\/griegc.com\/wp-content\/uploads\/2025\/04\/19-300x225.jpg 300w, https:\/\/griegc.com\/wp-content\/uploads\/2025\/04\/19-1024x768.jpg 1024w, https:\/\/griegc.com\/wp-content\/uploads\/2025\/04\/19-768x576.jpg 768w, https:\/\/griegc.com\/wp-content\/uploads\/2025\/04\/19-800x600.jpg 800w, https:\/\/griegc.com\/wp-content\/uploads\/2025\/04\/19-700x525.jpg 700w, https:\/\/griegc.com\/wp-content\/uploads\/2025\/04\/19-600x450.jpg 600w, https:\/\/griegc.com\/wp-content\/uploads\/2025\/04\/19.jpg 1080w\" sizes=\"auto, (max-width: 599px) 100vw, 599px\" \/><\/p>\n<p><img loading=\"lazy\" decoding=\"async\" class=\" wp-image-12006 aligncenter\" src=\"https:\/\/griegc.com\/wp-content\/uploads\/2025\/04\/5-300x300.jpg\" alt=\"\" width=\"604\" height=\"604\" srcset=\"https:\/\/griegc.com\/wp-content\/uploads\/2025\/04\/5-300x300.jpg 300w, https:\/\/griegc.com\/wp-content\/uploads\/2025\/04\/5-1024x1024.jpg 1024w, https:\/\/griegc.com\/wp-content\/uploads\/2025\/04\/5-150x150.jpg 150w, https:\/\/griegc.com\/wp-content\/uploads\/2025\/04\/5-768x768.jpg 768w, https:\/\/griegc.com\/wp-content\/uploads\/2025\/04\/5-570x570.jpg 570w, https:\/\/griegc.com\/wp-content\/uploads\/2025\/04\/5-500x500.jpg 500w, https:\/\/griegc.com\/wp-content\/uploads\/2025\/04\/5-1000x1000.jpg 1000w, https:\/\/griegc.com\/wp-content\/uploads\/2025\/04\/5-700x700.jpg 700w, https:\/\/griegc.com\/wp-content\/uploads\/2025\/04\/5-1320x1320.jpg 1320w, https:\/\/griegc.com\/wp-content\/uploads\/2025\/04\/5-600x600.jpg 600w, https:\/\/griegc.com\/wp-content\/uploads\/2025\/04\/5-100x100.jpg 100w, https:\/\/griegc.com\/wp-content\/uploads\/2025\/04\/5.jpg 1440w\" sizes=\"auto, (max-width: 604px) 100vw, 604px\" \/><\/p>\n<p><img loading=\"lazy\" decoding=\"async\" class=\" wp-image-12010 aligncenter\" src=\"https:\/\/griegc.com\/wp-content\/uploads\/2025\/04\/9-300x300.jpg\" alt=\"\" width=\"604\" height=\"604\" srcset=\"https:\/\/griegc.com\/wp-content\/uploads\/2025\/04\/9-300x300.jpg 300w, https:\/\/griegc.com\/wp-content\/uploads\/2025\/04\/9-1024x1024.jpg 1024w, https:\/\/griegc.com\/wp-content\/uploads\/2025\/04\/9-150x150.jpg 150w, https:\/\/griegc.com\/wp-content\/uploads\/2025\/04\/9-768x768.jpg 768w, https:\/\/griegc.com\/wp-content\/uploads\/2025\/04\/9-570x570.jpg 570w, https:\/\/griegc.com\/wp-content\/uploads\/2025\/04\/9-500x500.jpg 500w, https:\/\/griegc.com\/wp-content\/uploads\/2025\/04\/9-1000x1000.jpg 1000w, https:\/\/griegc.com\/wp-content\/uploads\/2025\/04\/9-700x700.jpg 700w, https:\/\/griegc.com\/wp-content\/uploads\/2025\/04\/9-1320x1320.jpg 1320w, https:\/\/griegc.com\/wp-content\/uploads\/2025\/04\/9-600x600.jpg 600w, https:\/\/griegc.com\/wp-content\/uploads\/2025\/04\/9-100x100.jpg 100w, https:\/\/griegc.com\/wp-content\/uploads\/2025\/04\/9.jpg 1440w\" sizes=\"auto, (max-width: 604px) 100vw, 604px\" \/><\/p>\n<p><img loading=\"lazy\" decoding=\"async\" class=\" wp-image-12012 aligncenter\" src=\"https:\/\/griegc.com\/wp-content\/uploads\/2025\/04\/10-300x225.jpg\" alt=\"\" width=\"605\" height=\"454\" srcset=\"https:\/\/griegc.com\/wp-content\/uploads\/2025\/04\/10-300x225.jpg 300w, https:\/\/griegc.com\/wp-content\/uploads\/2025\/04\/10-1024x768.jpg 1024w, https:\/\/griegc.com\/wp-content\/uploads\/2025\/04\/10-768x576.jpg 768w, https:\/\/griegc.com\/wp-content\/uploads\/2025\/04\/10-800x600.jpg 800w, https:\/\/griegc.com\/wp-content\/uploads\/2025\/04\/10-700x525.jpg 700w, https:\/\/griegc.com\/wp-content\/uploads\/2025\/04\/10-600x450.jpg 600w, https:\/\/griegc.com\/wp-content\/uploads\/2025\/04\/10.jpg 1080w\" sizes=\"auto, (max-width: 605px) 100vw, 605px\" \/><\/p>\n<p><img loading=\"lazy\" decoding=\"async\" class=\" wp-image-12016 aligncenter\" src=\"https:\/\/griegc.com\/wp-content\/uploads\/2025\/04\/12-300x225.jpg\" alt=\"\" width=\"604\" height=\"453\" srcset=\"https:\/\/griegc.com\/wp-content\/uploads\/2025\/04\/12-300x225.jpg 300w, https:\/\/griegc.com\/wp-content\/uploads\/2025\/04\/12-1024x769.jpg 1024w, https:\/\/griegc.com\/wp-content\/uploads\/2025\/04\/12-768x577.jpg 768w, https:\/\/griegc.com\/wp-content\/uploads\/2025\/04\/12-800x600.jpg 800w, https:\/\/griegc.com\/wp-content\/uploads\/2025\/04\/12-700x526.jpg 700w, https:\/\/griegc.com\/wp-content\/uploads\/2025\/04\/12-600x451.jpg 600w, https:\/\/griegc.com\/wp-content\/uploads\/2025\/04\/12.jpg 1080w\" sizes=\"auto, (max-width: 604px) 100vw, 604px\" \/><\/p>\n<p><img loading=\"lazy\" decoding=\"async\" class=\" wp-image-12024 aligncenter\" src=\"https:\/\/griegc.com\/wp-content\/uploads\/2025\/04\/17-300x223.jpg\" alt=\"\" width=\"605\" height=\"450\" srcset=\"https:\/\/griegc.com\/wp-content\/uploads\/2025\/04\/17-300x223.jpg 300w, https:\/\/griegc.com\/wp-content\/uploads\/2025\/04\/17-768x570.jpg 768w, https:\/\/griegc.com\/wp-content\/uploads\/2025\/04\/17-700x519.jpg 700w, https:\/\/griegc.com\/wp-content\/uploads\/2025\/04\/17-600x445.jpg 600w, https:\/\/griegc.com\/wp-content\/uploads\/2025\/04\/17.jpg 1080w\" sizes=\"auto, (max-width: 605px) 100vw, 605px\" \/><\/p>\n<p><img loading=\"lazy\" decoding=\"async\" class=\" wp-image-12020 aligncenter\" src=\"https:\/\/griegc.com\/wp-content\/uploads\/2025\/04\/14-300x225.jpg\" alt=\"\" width=\"605\" height=\"454\" srcset=\"https:\/\/griegc.com\/wp-content\/uploads\/2025\/04\/14-300x225.jpg 300w, https:\/\/griegc.com\/wp-content\/uploads\/2025\/04\/14-1024x769.jpg 1024w, https:\/\/griegc.com\/wp-content\/uploads\/2025\/04\/14-768x577.jpg 768w, https:\/\/griegc.com\/wp-content\/uploads\/2025\/04\/14-800x600.jpg 800w, https:\/\/griegc.com\/wp-content\/uploads\/2025\/04\/14-700x526.jpg 700w, https:\/\/griegc.com\/wp-content\/uploads\/2025\/04\/14-600x451.jpg 600w, https:\/\/griegc.com\/wp-content\/uploads\/2025\/04\/14.jpg 1080w\" sizes=\"auto, (max-width: 605px) 100vw, 605px\" \/><\/p>\n<p style=\"text-align: center;\"><strong>Diferents imatges del Punt de Suport del Fort\u00ed de la Mota de Sant Pere de Cubelles<\/strong><\/p>\n<p style=\"text-align: center;\">GRIEGC<\/p>\n<p>&nbsp;<\/p>\n<p>&nbsp;<\/p>\n<p>&nbsp;<\/p>\n<p>&nbsp;<\/p>\n<p>&nbsp;<\/p>\n<p>&nbsp;<\/p>\n<p>&nbsp;<\/p>\n<p>&nbsp;<\/p>\n<p>&nbsp;<\/p>\n<p>&nbsp;<\/p>\n<p>&nbsp;<\/p>\n<p>&nbsp;<\/p>\n<p>&nbsp;<\/p>\n<p>&nbsp;<\/p>\n<p>&nbsp;<\/p>\n","protected":false},"excerpt":{"rendered":"<p>El Fort\u00ed de la Guerra Civil de la Mota de Sant Pere de Cubelles \u00e9s una pe\u00e7a \u00fanica a tota Catalunya en quant al patrimoni b\u00e8l\u00b7lic del conflicte es refereix, no trobant-se altre fortificaci\u00f3 semblant no tan sols a tota la costa catalana, si no&#8230;<\/p>\n","protected":false},"author":1,"featured_media":12022,"comment_status":"open","ping_status":"open","sticky":false,"template":"","format":"standard","meta":{"_jetpack_memberships_contains_paid_content":false,"footnotes":""},"categories":[332,65,142,563,223,200,49,126,253],"tags":[333,635,143,224],"class_list":["post-12038","post","type-post","status-publish","format-standard","has-post-thumbnail","hentry","category-barcelona-ca","category-catalunya","category-defensa-de-costes","category-exerxcit-popular-de-la-republica","category-fortificacio","category-fusell-metrallador","category-guerra-civil","category-guerra-naval-ca","category-vilanova-i-la-geltru-ca","tag-barcelona-ca","tag-cubelles","tag-defensa-de-costes","tag-fortificacio"],"jetpack_featured_media_url":"https:\/\/griegc.com\/wp-content\/uploads\/2025\/04\/16.jpg","jetpack_sharing_enabled":true,"_links":{"self":[{"href":"https:\/\/griegc.com\/ca\/wp-json\/wp\/v2\/posts\/12038","targetHints":{"allow":["GET"]}}],"collection":[{"href":"https:\/\/griegc.com\/ca\/wp-json\/wp\/v2\/posts"}],"about":[{"href":"https:\/\/griegc.com\/ca\/wp-json\/wp\/v2\/types\/post"}],"author":[{"embeddable":true,"href":"https:\/\/griegc.com\/ca\/wp-json\/wp\/v2\/users\/1"}],"replies":[{"embeddable":true,"href":"https:\/\/griegc.com\/ca\/wp-json\/wp\/v2\/comments?post=12038"}],"version-history":[{"count":3,"href":"https:\/\/griegc.com\/ca\/wp-json\/wp\/v2\/posts\/12038\/revisions"}],"predecessor-version":[{"id":12041,"href":"https:\/\/griegc.com\/ca\/wp-json\/wp\/v2\/posts\/12038\/revisions\/12041"}],"wp:featuredmedia":[{"embeddable":true,"href":"https:\/\/griegc.com\/ca\/wp-json\/wp\/v2\/media\/12022"}],"wp:attachment":[{"href":"https:\/\/griegc.com\/ca\/wp-json\/wp\/v2\/media?parent=12038"}],"wp:term":[{"taxonomy":"category","embeddable":true,"href":"https:\/\/griegc.com\/ca\/wp-json\/wp\/v2\/categories?post=12038"},{"taxonomy":"post_tag","embeddable":true,"href":"https:\/\/griegc.com\/ca\/wp-json\/wp\/v2\/tags?post=12038"}],"curies":[{"name":"wp","href":"https:\/\/api.w.org\/{rel}","templated":true}]}}