{"id":12065,"date":"2024-09-01T17:00:04","date_gmt":"2024-09-01T17:00:04","guid":{"rendered":"https:\/\/griegc.com\/2024\/09\/01\/las-brigadas-mixtas-del-ejercito-popular-de-la-republica-vol-iii-51a-75a-brigada-mixta\/"},"modified":"2025-04-27T17:46:24","modified_gmt":"2025-04-27T17:46:24","slug":"las-brigadas-mixtas-del-ejercito-popular-de-la-republica-vol-iii-51a-75a-brigada-mixta","status":"publish","type":"post","link":"https:\/\/griegc.com\/ca\/2024\/09\/01\/las-brigadas-mixtas-del-ejercito-popular-de-la-republica-vol-iii-51a-75a-brigada-mixta\/","title":{"rendered":"Las Brigadas Mixtas del Ej\u00e9rcito Popular de la Rep\u00fablica. Vol.III (51\u00aa-75\u00aa Brigada Mixta)"},"content":{"rendered":"<p><span class=\"HwtZe\" lang=\"ca\"><span class=\"jCAhz ChMk0b\"><span class=\"ryNqvb\">Hem deixat passar l&#8217;estiu per poder finalitzar i presentar el tercer volum de la col\u00b7lecci\u00f3 i que porta com a t\u00edtol Les Brigades Mixtes de l&#8217;Ex\u00e8rcit Popular de la Rep\u00fablica.<\/span><\/span> <span class=\"jCAhz\"><span class=\"ryNqvb\">Vol.<\/span><\/span> <span class=\"jCAhz\"><span class=\"ryNqvb\">III (51a-75a Brigada Mixta).<\/span><\/span> <\/span><\/p>\n<p><span class=\"HwtZe\" lang=\"ca\"><span class=\"jCAhz ChMk0b\"><span class=\"ryNqvb\">Continuant amb el mateix estil dels dos anteriors volums, aquest nou llibre de 236 p\u00e0gines ve a ampliar tota la informaci\u00f3 possible relativa a les Brigades Mixtes que van de la 51a a la 75a.<\/span><\/span> <span class=\"jCAhz ChMk0b\"><span class=\"ryNqvb\">Igual que en els anteriors, s&#8217;ha utilitzat material abundant de diferent proced\u00e8ncia, com s\u00f3n documents de l&#8217;arxiu personal de Carlos Engel, documentaci\u00f3 de l&#8217;Arxiu General Militar d&#8217;\u00c0vila, aix\u00ed com publicacions de cada Brigada Mixta de l&#8217;Hemeroteca Municipal de Madrid que complementen i enriqueixen la informaci\u00f3 de cada Brigada Mixta.<\/span><\/span><\/span><\/p>\n<p><img loading=\"lazy\" decoding=\"async\" class=\" wp-image-12048 aligncenter\" src=\"https:\/\/griegc.com\/wp-content\/uploads\/2025\/04\/2bm-300x142.jpg\" alt=\"\" width=\"956\" height=\"453\" srcset=\"https:\/\/griegc.com\/wp-content\/uploads\/2025\/04\/2bm-300x142.jpg 300w, https:\/\/griegc.com\/wp-content\/uploads\/2025\/04\/2bm-768x363.jpg 768w, https:\/\/griegc.com\/wp-content\/uploads\/2025\/04\/2bm-700x331.jpg 700w, https:\/\/griegc.com\/wp-content\/uploads\/2025\/04\/2bm-600x283.jpg 600w\" sizes=\"auto, (max-width: 956px) 100vw, 956px\" \/><\/p>\n<p>&nbsp;<\/p>\n<p>&nbsp;<\/p>\n<p style=\"text-align: justify; line-height: 115%;\"><strong>INFORMACI\u00d3:<\/strong><\/p>\n<p><span class=\"HwtZe\" lang=\"ca\"><span class=\"jCAhz ChMk0b\"><span class=\"ryNqvb\">De la mateixa manera que els dos anteriors volums, el format elegit ha estat el mateix per a cada Brigada Mixta: resum del seu historial;<\/span><\/span> <span class=\"jCAhz ChMk0b\"><span class=\"ryNqvb\">dades de la Brigada presentades en diferents quadres (Cronologia, Enquadrament i Comandaments);<\/span><\/span> <span class=\"jCAhz\"><span class=\"ryNqvb\">biografies d&#8217;alguns dels membres;<\/span><\/span> <span class=\"jCAhz ChMk0b\"><span class=\"ryNqvb\">i publicacions de la Brigada.<\/span><\/span> <span class=\"jCAhz ChMk0b\"><span class=\"ryNqvb\">Tot aix\u00f2 acompanyat amb fotografies i imatges a color, aix\u00ed com amb mapes d&#8217;operacions o posicions de les Brigades referides, amb l&#8217;objectiu de poder aportar d&#8217;una manera ordenada, senzilla i amena, el m\u00e0xim d&#8217;informaci\u00f3 de cada Brigada Mixta.<\/span><\/span> <span class=\"jCAhz\"><span class=\"ryNqvb\">Recordem que som conscients de la magnitud del projecte i dels errors que hi pugui haver, per\u00f2 hem intentat revisar, ordenar i resumir tota la informaci\u00f3 existent de cada Brigada Mixta perqu\u00e8 l&#8217;obra sigui una refer\u00e8ncia de consulta tant per a investigadors com per a qualsevol persona interessada en la mat\u00e8ria.<\/span><\/span> <span class=\"jCAhz ChMk0b\"><span class=\"ryNqvb\">El disseny de portada est\u00e0 fet per l&#8217;il\u00b7lustrador Eneko Tabernilla, amb gran experi\u00e8ncia en aquest tipus de treballs i autor de les portades de les nostres publicacions anteriors.<\/span><\/span><\/span><\/p>\n<p>&nbsp;<\/p>\n<p style=\"text-align: justify; line-height: 115%;\"><strong>ADQUISICI\u00d3 I PREU:<\/strong><\/p>\n<p><span class=\"HwtZe\" lang=\"ca\"><span class=\"jCAhz ChMk0b\"><span class=\"ryNqvb\">Per adquirir el llibre cal posar-se en contacte al mail: griegceditorial@gmail.com, o per Whatsapp al 649229740.<\/span><\/span> <\/span><\/p>\n<p><span class=\"HwtZe\" lang=\"ca\"><span class=\"jCAhz ChMk0b\"><span class=\"ryNqvb\">El preu \u00e9s de 28 euros amb enviament incl\u00f2s.<\/span><\/span> <span class=\"jCAhz ChMk0b\"><span class=\"ryNqvb\">L&#8217;enviament es fa a trav\u00e9s de Correus i nom\u00e9s a territori nacional, i triga entre uns 7-10 dies depenent del lloc d&#8217;enviament.<\/span><\/span> <span class=\"jCAhz ChMk0b\"><span class=\"ryNqvb\">Al Centre d&#8217;Interpretaci\u00f3 de la L\u00ednia del Cinca situat a Monz\u00f3n (Osca), es pot adquirir aquest segon volum al preu de 22 euros.<\/span><\/span> <\/span><\/p>\n<p><span class=\"HwtZe\" lang=\"ca\"><span class=\"jCAhz ChMk0b\"><span class=\"ryNqvb\">El llibre nom\u00e9s est\u00e0 disponible en castell\u00e0.<\/span><\/span><span class=\"jCAhz ChMk0b\"><span class=\"ryNqvb\"> Us deixem aqu\u00ed algunes imatges d&#8217;aquest volum nou a veure que us sembla.<\/span><\/span><\/span><\/p>\n<p><img loading=\"lazy\" decoding=\"async\" class=\" wp-image-12058 aligncenter\" src=\"https:\/\/griegc.com\/wp-content\/uploads\/2025\/04\/7bm-300x208.jpg\" alt=\"\" width=\"603\" height=\"418\" srcset=\"https:\/\/griegc.com\/wp-content\/uploads\/2025\/04\/7bm-300x208.jpg 300w, https:\/\/griegc.com\/wp-content\/uploads\/2025\/04\/7bm-1024x710.jpg 1024w, https:\/\/griegc.com\/wp-content\/uploads\/2025\/04\/7bm-768x533.jpg 768w, https:\/\/griegc.com\/wp-content\/uploads\/2025\/04\/7bm-700x486.jpg 700w, https:\/\/griegc.com\/wp-content\/uploads\/2025\/04\/7bm-1320x916.jpg 1320w, https:\/\/griegc.com\/wp-content\/uploads\/2025\/04\/7bm-600x416.jpg 600w, https:\/\/griegc.com\/wp-content\/uploads\/2025\/04\/7bm.jpg 1325w\" sizes=\"auto, (max-width: 603px) 100vw, 603px\" \/><\/p>\n<p>&nbsp;<\/p>\n<p><img loading=\"lazy\" decoding=\"async\" class=\" wp-image-12060 aligncenter\" src=\"https:\/\/griegc.com\/wp-content\/uploads\/2025\/04\/8bm-300x206.jpg\" alt=\"\" width=\"603\" height=\"414\" srcset=\"https:\/\/griegc.com\/wp-content\/uploads\/2025\/04\/8bm-300x206.jpg 300w, https:\/\/griegc.com\/wp-content\/uploads\/2025\/04\/8bm-1024x703.jpg 1024w, https:\/\/griegc.com\/wp-content\/uploads\/2025\/04\/8bm-768x528.jpg 768w, https:\/\/griegc.com\/wp-content\/uploads\/2025\/04\/8bm-700x481.jpg 700w, https:\/\/griegc.com\/wp-content\/uploads\/2025\/04\/8bm-1320x907.jpg 1320w, https:\/\/griegc.com\/wp-content\/uploads\/2025\/04\/8bm-600x412.jpg 600w, https:\/\/griegc.com\/wp-content\/uploads\/2025\/04\/8bm.jpg 1332w\" sizes=\"auto, (max-width: 603px) 100vw, 603px\" \/><\/p>\n<p><img loading=\"lazy\" decoding=\"async\" class=\" wp-image-12052 aligncenter\" src=\"https:\/\/griegc.com\/wp-content\/uploads\/2025\/04\/3bm-2-300x208.jpg\" alt=\"\" width=\"604\" height=\"419\" srcset=\"https:\/\/griegc.com\/wp-content\/uploads\/2025\/04\/3bm-2-300x208.jpg 300w, https:\/\/griegc.com\/wp-content\/uploads\/2025\/04\/3bm-2-1024x709.jpg 1024w, https:\/\/griegc.com\/wp-content\/uploads\/2025\/04\/3bm-2-768x532.jpg 768w, https:\/\/griegc.com\/wp-content\/uploads\/2025\/04\/3bm-2-700x485.jpg 700w, https:\/\/griegc.com\/wp-content\/uploads\/2025\/04\/3bm-2-1320x914.jpg 1320w, https:\/\/griegc.com\/wp-content\/uploads\/2025\/04\/3bm-2-600x415.jpg 600w, https:\/\/griegc.com\/wp-content\/uploads\/2025\/04\/3bm-2.jpg 1330w\" sizes=\"auto, (max-width: 604px) 100vw, 604px\" \/><\/p>\n<p><img loading=\"lazy\" decoding=\"async\" class=\" wp-image-12054 aligncenter\" src=\"https:\/\/griegc.com\/wp-content\/uploads\/2025\/04\/5bm-300x207.jpg\" alt=\"\" width=\"606\" height=\"418\" srcset=\"https:\/\/griegc.com\/wp-content\/uploads\/2025\/04\/5bm-300x207.jpg 300w, https:\/\/griegc.com\/wp-content\/uploads\/2025\/04\/5bm-1024x706.jpg 1024w, https:\/\/griegc.com\/wp-content\/uploads\/2025\/04\/5bm-768x530.jpg 768w, https:\/\/griegc.com\/wp-content\/uploads\/2025\/04\/5bm-700x483.jpg 700w, https:\/\/griegc.com\/wp-content\/uploads\/2025\/04\/5bm-1320x910.jpg 1320w, https:\/\/griegc.com\/wp-content\/uploads\/2025\/04\/5bm-600x414.jpg 600w, https:\/\/griegc.com\/wp-content\/uploads\/2025\/04\/5bm.jpg 1331w\" sizes=\"auto, (max-width: 606px) 100vw, 606px\" \/><\/p>\n<p>&nbsp;<\/p>\n<p><img loading=\"lazy\" decoding=\"async\" class=\" wp-image-12050 aligncenter\" src=\"https:\/\/griegc.com\/wp-content\/uploads\/2025\/04\/3bm-1-300x209.jpg\" alt=\"\" width=\"601\" height=\"419\" srcset=\"https:\/\/griegc.com\/wp-content\/uploads\/2025\/04\/3bm-1-300x209.jpg 300w, https:\/\/griegc.com\/wp-content\/uploads\/2025\/04\/3bm-1-1024x713.jpg 1024w, https:\/\/griegc.com\/wp-content\/uploads\/2025\/04\/3bm-1-768x534.jpg 768w, https:\/\/griegc.com\/wp-content\/uploads\/2025\/04\/3bm-1-700x487.jpg 700w, https:\/\/griegc.com\/wp-content\/uploads\/2025\/04\/3bm-1-1320x919.jpg 1320w, https:\/\/griegc.com\/wp-content\/uploads\/2025\/04\/3bm-1-600x418.jpg 600w, https:\/\/griegc.com\/wp-content\/uploads\/2025\/04\/3bm-1.jpg 1332w\" sizes=\"auto, (max-width: 601px) 100vw, 601px\" \/><\/p>\n<p><img loading=\"lazy\" decoding=\"async\" class=\" wp-image-12056 aligncenter\" src=\"https:\/\/griegc.com\/wp-content\/uploads\/2025\/04\/6bm-300x208.jpg\" alt=\"\" width=\"604\" height=\"419\" srcset=\"https:\/\/griegc.com\/wp-content\/uploads\/2025\/04\/6bm-300x208.jpg 300w, https:\/\/griegc.com\/wp-content\/uploads\/2025\/04\/6bm-1024x711.jpg 1024w, https:\/\/griegc.com\/wp-content\/uploads\/2025\/04\/6bm-768x533.jpg 768w, https:\/\/griegc.com\/wp-content\/uploads\/2025\/04\/6bm-700x486.jpg 700w, https:\/\/griegc.com\/wp-content\/uploads\/2025\/04\/6bm-1320x917.jpg 1320w, https:\/\/griegc.com\/wp-content\/uploads\/2025\/04\/6bm-600x417.jpg 600w, https:\/\/griegc.com\/wp-content\/uploads\/2025\/04\/6bm.jpg 1325w\" sizes=\"auto, (max-width: 604px) 100vw, 604px\" \/><\/p>\n<p>&nbsp;<\/p>\n<p>&nbsp;<\/p>\n<p>&nbsp;<\/p>\n<p>&nbsp;<\/p>\n<p>&nbsp;<\/p>\n<p>&nbsp;<\/p>\n<p>&nbsp;<\/p>\n<p>&nbsp;<\/p>\n<p>&nbsp;<\/p>\n<p>&nbsp;<\/p>\n<p>&nbsp;<\/p>\n<p>&nbsp;<\/p>\n<p>&nbsp;<\/p>\n<p>&nbsp;<\/p>\n","protected":false},"excerpt":{"rendered":"<p>Hem deixat passar l&#8217;estiu per poder finalitzar i presentar el tercer volum de la col\u00b7lecci\u00f3 i que porta com a t\u00edtol Les Brigades Mixtes de l&#8217;Ex\u00e8rcit Popular de la Rep\u00fablica. Vol. III (51a-75a Brigada Mixta). Continuant amb el mateix estil dels dos anteriors volums, aquest&#8230;<\/p>\n","protected":false},"author":1,"featured_media":12047,"comment_status":"open","ping_status":"open","sticky":false,"template":"","format":"standard","meta":{"_jetpack_memberships_contains_paid_content":false,"footnotes":""},"categories":[555,556,394,100,557],"tags":[637,560,397,562,566,439,435],"class_list":["post-12065","post","type-post","status-publish","format-standard","has-post-thumbnail","hentry","category-brigada-mixta-ca","category-editorial-ca","category-ejercito-popular-de-la-republica-ca","category-guerra-civil-2-ca","category-libro-ca","tag-brigada-mixta-ca","tag-editorial-ca","tag-ejercito-popular-de-la-republica-ca","tag-libro-ca","tag-llibre","tag-publicacio","tag-publicacion-ca"],"jetpack_featured_media_url":"https:\/\/griegc.com\/wp-content\/uploads\/2025\/04\/1bm.jpg","jetpack_sharing_enabled":true,"_links":{"self":[{"href":"https:\/\/griegc.com\/ca\/wp-json\/wp\/v2\/posts\/12065","targetHints":{"allow":["GET"]}}],"collection":[{"href":"https:\/\/griegc.com\/ca\/wp-json\/wp\/v2\/posts"}],"about":[{"href":"https:\/\/griegc.com\/ca\/wp-json\/wp\/v2\/types\/post"}],"author":[{"embeddable":true,"href":"https:\/\/griegc.com\/ca\/wp-json\/wp\/v2\/users\/1"}],"replies":[{"embeddable":true,"href":"https:\/\/griegc.com\/ca\/wp-json\/wp\/v2\/comments?post=12065"}],"version-history":[{"count":3,"href":"https:\/\/griegc.com\/ca\/wp-json\/wp\/v2\/posts\/12065\/revisions"}],"predecessor-version":[{"id":12068,"href":"https:\/\/griegc.com\/ca\/wp-json\/wp\/v2\/posts\/12065\/revisions\/12068"}],"wp:featuredmedia":[{"embeddable":true,"href":"https:\/\/griegc.com\/ca\/wp-json\/wp\/v2\/media\/12047"}],"wp:attachment":[{"href":"https:\/\/griegc.com\/ca\/wp-json\/wp\/v2\/media?parent=12065"}],"wp:term":[{"taxonomy":"category","embeddable":true,"href":"https:\/\/griegc.com\/ca\/wp-json\/wp\/v2\/categories?post=12065"},{"taxonomy":"post_tag","embeddable":true,"href":"https:\/\/griegc.com\/ca\/wp-json\/wp\/v2\/tags?post=12065"}],"curies":[{"name":"wp","href":"https:\/\/api.w.org\/{rel}","templated":true}]}}