{"id":1299,"date":"2017-09-15T16:00:26","date_gmt":"2017-09-15T16:00:26","guid":{"rendered":"http:\/\/griegc.com\/ca\/?p=1299"},"modified":"2017-12-16T10:50:27","modified_gmt":"2017-12-16T10:50:27","slug":"el-projecte-de-desembarcament-a-lhospitalet-de-linfant","status":"publish","type":"post","link":"https:\/\/griegc.com\/ca\/2017\/09\/15\/el-projecte-de-desembarcament-a-lhospitalet-de-linfant\/","title":{"rendered":"El projecte de desembarcament a l&#8217;Hospitalet de l&#8217;Infant"},"content":{"rendered":"<p style=\"text-align: justify;\">Una de les operacions que \u00e9s van projectar a la Guerra Civil m\u00e9s desconegudes al mateix temps que important per la significaci\u00f3 que podia tenir va ser el projecte de desembarcament de tropes franquistes a les platges de l&#8217;Hospitalet de l&#8217;Infant. Aquesta va ser una operaci\u00f3 que va existir nom\u00e9s al paper ja que no es va portar a la pr\u00e0ctica per la rapidesa que l&#8217;ex\u00e8rcit franquista va avan\u00e7ar per terres catalanes en l&#8217;anomenada Campanya de Catalunya iniciada a finals de desembre de 1938.<\/p>\n<p style=\"text-align: justify;\">L&#8217;operaci\u00f3 de desembarcament tenia com objectiu desembarcar quatre batallons d&#8217;infanteria a la platja de l&#8217;Hospitalet de l&#8217;Infant per aix\u00ed evitar les magn\u00edfiques defenses que els republicans tenien al Coll de Balaguer, als termes municipals de Vandell\u00f2s i l&#8217;Hospitalet de Llobregat, agafant per darrera les tropes que guarnien aquestes defenses.<\/p>\n<p style=\"text-align: justify;\">Referent a l&#8217;execuci\u00f3 de l&#8217;operaci\u00f3, la idea general de la maniobra era acumular pr\u00e8viament a Palma de Mallorca i a Vinar\u00f2s els possibles elements amb que es comptaria, concentrant-les a Vinar\u00f2s el dia abans de l&#8217;operaci\u00f3 sempre que 72 hores abans es sab\u00e9s la data del desembarcament. Al vespre del dia abans de l&#8217;operaci\u00f3 s&#8217;havien d&#8217;embarcar en motores de pesca dos batallons complets que remolcats per patrullers i dragamines s&#8217;havien de dirigir a concentrar-se al sud del Far de la Banya (enc\u00e8s amb sector visible nom\u00e9s cap al sud). D&#8217;una altra banda, de Sant Carles de la R\u00e0pita havien de sortir tamb\u00e9 quatre motovelers amb altres dos batallons i el comboi aix\u00ed format s&#8217;havia de dirigir amb la protecci\u00f3 immediata dels creuers auxiliars, minadors, canoners, patrullers i llanxes r\u00e0pides i la protecci\u00f3 llunyana de la Flota al punt de desembarcament. Com a mode dissuasiu, estava projectat que un grup independent de vaixells i a t\u00edtol de finta, havia de portar a terme tres hores abans de la matinada un bombardeig intens a les proximitats de Vilanova i la Geltr\u00fa (40 milles al nord de l&#8217;Hospitalet de l\u2019Infant) prenent com objectiu les obres fortificades costeres i la mateixa platja. Posteriorment i a primeres hores del mat\u00ed, s&#8217;havia de portar a terme el desembarcament del primer esgla\u00f3 amb la protecci\u00f3 de l&#8217;aviaci\u00f3 pr\u00f2pia; m\u00e9s tard les motores havien d&#8217;ancorar als motovelers per embarcar els altres dos batallons que constitu\u00efen el segon esgla\u00f3 i traslladar-los a terra, protegint el desembarcament pel foc de les forces d&#8217;escorta immediata.<\/p>\n<p style=\"text-align: justify;\"><div class=\"image_with_text\"><img decoding=\"async\" itemprop=\"image\" src=\"http:\/\/griegc.com\/wp-content\/uploads\/2017\/09\/135.jpg\" alt=\"\" \/><h3 ><\/h3><span style=\"margin: 6px 0px;\" class=\"separator transparent\"><\/span>Archivo General Militar de \u00c1vila<\/p>\n<p><\/div>\n<p style=\"text-align: justify;\">Per realitzar aquesta operaci\u00f3 els franquistes comptaven amb 40 bous de pesca encarregats de portar les tropes a les platges de 12 a 20 tones de despla\u00e7ament on cadascun podia transportar a coberta uns 40 homes i havien d&#8217;anar previstes de planxes per desembarcar que ja es trobaven reunides a Vinar\u00f2s i de f\u00e0cil maniobra. Tamb\u00e9 es comptava amb 4 motovelers d&#8217;unes 150 tones de despla\u00e7ament que podien transportar cadascun uns 400 homes i 6 candrays, unes embarcacions destinades al transport de sal i amb capacitat per 100 homes per vaixell. A aquestes embarcacions s&#8217;havia de sumar 20 unitats per donar remolc i acomboiar als bous, artillats en general amb una pe\u00e7a de 76 mm; mentre que pel suport directe de l&#8217;operaci\u00f3 es comptava amb 3 canoners tipus <em>Dato<\/em>, 3 minadors tipus<em> J\u00fapiter<\/em>, els creuers auxiliars <em>Mar Negro<\/em>, <em>A. L\u00e1zaro<\/em> i <em>J.J. S\u00edster<\/em>, fent un total de quatre peces de 152,4 mm, dotze de 120 mm, setze de 100 mm, altres dotze de 76 mm i sis de 88 mm. El suport indirecte l&#8217;havia de prestar la Divisi\u00f3 de Creuers i la Flotilla de destructors (tot i que aquesta \u00faltima nom\u00e9s disposava de tres unitats per trobar-se en reparaci\u00f3 els destructors <em>Melilla<\/em> i el <em>Velasco<\/em>) i per \u00faltim tamb\u00e9 s&#8217;havia de comptar amb el suport d&#8217;un vaixell aljub i un remolcador.<\/p>\n<p style=\"text-align: justify;\">Els 40 bous havien de repartir-se per igual entre Vinar\u00f2s i Sant Carles de la R\u00e0pita mentre que cada bou havia de tenir com a dotaci\u00f3 un patr\u00f3, un motorista amb el seu ajudant i un proer i havien de comptar de les planxes per desembarcament amb tota la seva maniobra a m\u00e9s a m\u00e9s de portar combustible i oli per 24 hores, amarratge de 50 metres per remolc i queviures per dos dies per la seva dotaci\u00f3. Tamb\u00e9 aquests bous havien d&#8217;anar numerats del n\u00famero 1 al 40, amb els n\u00fameros pintats ben visibles i assignant-se les numerades del 1 al 20 a Vinar\u00f2s i del 21 al 40 a Sant Carles de la R\u00e0pita. Pel que respecte als 10 patrullers, aquests havien d&#8217;anar dividits en dos Flotilles de cinc patrullers cadascuna anomenades PC i PV. La primera d&#8217;elles quedaria concentrada al port de Castell\u00f3 i destinada a remolcar els bous numerats del 1 al 20 destinats a Vinar\u00f2s, mentre que l\u2019altra Flotilla seria concentrada a Vinar\u00f2s i destinada a donar remolc als bous numerats del 21 al 40 situats a Sant Carles de la R\u00e0pita.<\/p>\n<p style=\"text-align: justify;\">Les forces de desembarcament estaven compostes per un Batall\u00f3 d&#8217;Infanteria que era el que havia de desembarcar primer i que per aquestes dates s&#8217;estava finalitzant la seva organitzaci\u00f3 a Vinar\u00f2s. En aquesta ciutat tamb\u00e9 s&#8217;havia de concentrar un dels Batallons d&#8217;Infanteria que havia de prendre part a l&#8217;operaci\u00f3 i a Sant Carles de la R\u00e0pita els altres dos. A cadascuna de les motores havia d&#8217;embarcar una secci\u00f3 de fusells o metralladores; tres motores a remolc d&#8217;un patruller havien de portar una companyia completa mentre que un grup de 5 patrullers amb 15 motores a remolc havia de conduir un Batall\u00f3 complet. Els dos batallons que havien de constituir el primer esgla\u00f3 anirien remolcades per 10 patrullers en 30 motores i a m\u00e9s a m\u00e9s, amb cada grup anirien altres 2 patrullers, remolcant motores amb material i encarregat de recollir les que poguessin perdre el remolc. Aquests dos grups havien d&#8217;anar seguits per un altra grup format pels 4 motovelers on anirien embarcats els dos Batallons que constitu\u00efen el segon esgla\u00f3 de desembarcament i tot el conjunt havia d&#8217;anar escortat per creuers auxiliars, minadors, canoners, patrullers i llanxes r\u00e0pides.<\/p>\n<p style=\"text-align: justify;\">Sobre el desembarcament aquest havia de realitzar-se a la platja nord de l&#8217;Hospitalet de l&#8217;Infant al trencar l&#8217;alba, neutralitzant el foc de les bateries de costa mentre que tamb\u00e9 s&#8217;havia de batre amb foc continu i pr\u00f2xim els nius de metralladora coneguts i qualsevol altra punt de resist\u00e8ncia. D&#8217;una altra banda, si l&#8217;operaci\u00f3 fracassava, la Instrucci\u00f3 d&#8217;Operacions tamb\u00e9 prevenia el reembarcament dels soldats tot i que ja informava que aquesta acci\u00f3 no era molt probable ja que les barques carregades amb les tropes no podien arrencar de la platja per si mateixes.<\/p>\n<p style=\"text-align: justify;\">Finalment i\u00a0 com s&#8217;ha dit anteriorment a l&#8217;inici, tot i la preparaci\u00f3 de l&#8217;operaci\u00f3, aquesta es va haver de cancel\u00b7lar degut al r\u00e0pid avan\u00e7ament que realitzarien les tropes franquistes per Catalunya.<\/p>\n<p style=\"text-align: justify;\"><div class=\"image_with_text\"><img decoding=\"async\" itemprop=\"image\" src=\"http:\/\/griegc.com\/wp-content\/uploads\/2017\/09\/136.jpg\" alt=\"Projecte de desembarcament\" \/><h3 >Projecte de desembarcament<\/h3><span style=\"margin: 6px 0px;\" class=\"separator transparent\"><\/span>Archivo General Militar de \u00c1vila<\/p>\n<p style=\"text-align: justify;\"><\/div>\n<p style=\"text-align: justify;\">[vc_separator type=&#8217;normal&#8217; position=&#8217;center&#8217; color=&#8221; thickness=&#8221; up=&#8221; down=&#8221;]<\/p>\n","protected":false},"excerpt":{"rendered":"<p>Una de les operacions que \u00e9s van projectar a la Guerra Civil m\u00e9s desconegudes al mateix temps que important per la significaci\u00f3 que podia tenir va ser el projecte de desembarcament de tropes franquistes a les platges de l&#8217;Hospitalet de l&#8217;Infant. Aquesta va ser una&#8230;<\/p>\n","protected":false},"author":1,"featured_media":1339,"comment_status":"open","ping_status":"open","sticky":false,"template":"","format":"standard","meta":{"_jetpack_memberships_contains_paid_content":false,"footnotes":""},"categories":[65,72,49],"tags":[73,68,54,74],"class_list":["post-1299","post","type-post","status-publish","format-standard","has-post-thumbnail","hentry","category-catalunya","category-coll-de-balaguer","category-guerra-civil","tag-catalunya-lhospitalet-de-linfant","tag-coll-de-balaguer","tag-guerra-civil","tag-vandellos"],"jetpack_featured_media_url":"https:\/\/griegc.com\/wp-content\/uploads\/2017\/09\/1.jpg","jetpack_sharing_enabled":true,"_links":{"self":[{"href":"https:\/\/griegc.com\/ca\/wp-json\/wp\/v2\/posts\/1299","targetHints":{"allow":["GET"]}}],"collection":[{"href":"https:\/\/griegc.com\/ca\/wp-json\/wp\/v2\/posts"}],"about":[{"href":"https:\/\/griegc.com\/ca\/wp-json\/wp\/v2\/types\/post"}],"author":[{"embeddable":true,"href":"https:\/\/griegc.com\/ca\/wp-json\/wp\/v2\/users\/1"}],"replies":[{"embeddable":true,"href":"https:\/\/griegc.com\/ca\/wp-json\/wp\/v2\/comments?post=1299"}],"version-history":[{"count":3,"href":"https:\/\/griegc.com\/ca\/wp-json\/wp\/v2\/posts\/1299\/revisions"}],"predecessor-version":[{"id":1303,"href":"https:\/\/griegc.com\/ca\/wp-json\/wp\/v2\/posts\/1299\/revisions\/1303"}],"wp:featuredmedia":[{"embeddable":true,"href":"https:\/\/griegc.com\/ca\/wp-json\/wp\/v2\/media\/1339"}],"wp:attachment":[{"href":"https:\/\/griegc.com\/ca\/wp-json\/wp\/v2\/media?parent=1299"}],"wp:term":[{"taxonomy":"category","embeddable":true,"href":"https:\/\/griegc.com\/ca\/wp-json\/wp\/v2\/categories?post=1299"},{"taxonomy":"post_tag","embeddable":true,"href":"https:\/\/griegc.com\/ca\/wp-json\/wp\/v2\/tags?post=1299"}],"curies":[{"name":"wp","href":"https:\/\/api.w.org\/{rel}","templated":true}]}}