{"id":1319,"date":"2017-10-15T17:00:14","date_gmt":"2017-10-15T17:00:14","guid":{"rendered":"http:\/\/griegc.com\/ca\/?p=1319"},"modified":"2017-12-16T10:52:52","modified_gmt":"2017-12-16T10:52:52","slug":"la-batalla-de-quinto","status":"publish","type":"post","link":"https:\/\/griegc.com\/ca\/2017\/10\/15\/la-batalla-de-quinto\/","title":{"rendered":"La Batalla de Quinto (24-26 d&#8217;agost 1937)"},"content":{"rendered":"<p style=\"text-align: justify;\">La Batalla de Quinto ve emmarcada dins del que es coneix com l&#8217;ofensiva de Saragossa que van realitzar els republicans a l&#8217;estiu de 1937. Aquesta es va planejar com una operaci\u00f3 de gran envergadura amb l&#8217;objectiu d&#8217;envoltar i capturar Saragossa, al mateix temps que s&#8217;efectuaven altres operacions secund\u00e0ries en tot el Front d&#8217;Arag\u00f3. El lloc de comandament de l&#8217;operaci\u00f3 es va establir a Bujaraloz i \u00e9s va dividir les forces en quatre agrupacions, amb un total d&#8217;aproximadament 100.000 homes, recolzats per uns 100 avions i uns 200 carros de combat. Pel que fa a les forces nacionals i per tant defensores del terreny, es trobaven les forces del general Urrutia al Front d&#8217;Osca, les del general Mu\u00f1oz Castellans a la zona de Terol i sobretot les del general Ponte al sector de Saragossa. Aquesta \u00faltima estava formada especialment pel V\u00e8 Cos d&#8217;Ex\u00e8rcit, compost per les divisions 50a, 51a i 52a, a m\u00e9s de comptar amb tres brigades m\u00f2bils i una quinzena d&#8217;avions, fent un total de poc m\u00e9s de 40.000 homes, on s&#8217;inclo\u00efen els defensors de Quinto.<\/p>\n<p style=\"text-align: justify;\">L&#8217;ofensiva republicana es va iniciar el 24 d&#8217;agost per\u00f2 no va tenir l&#8217;\u00e8xit esperat i malgrat tots els efectius involucrats, els republicans no van aconseguir l&#8217;objectiu de conquerir Saragossa i nom\u00e9s van aconseguir conquerir unes poques ciutats aragoneses com Quinto, Codo o Belchite, on es va enrocar l&#8217;ofensiva.<\/p>\n<p style=\"text-align: justify;\">Per la seva banda, Quinto va jugar un paper molt important en l&#8217;ofensiva sobre Saragossa d&#8217;estiu de 1937 ja que es trobava en el mateix front de guerra i per tant, en un dels punts on els republicans havien de iniciar la seva ofensiva. De fet i seguint el curs del riu Ebre des de Quinto, era el cam\u00ed m\u00e9s r\u00e0pid cap a Saragossa.<\/p>\n<p style=\"text-align: justify;\"><div class=\"image_with_text\"><img decoding=\"async\" itemprop=\"image\" src=\"http:\/\/griegc.com\/wp-content\/uploads\/2017\/09\/Quinto_1937_Agosto_27_Centelles_Tropas_Republicanas_Carretera_Entrada_2.jpg\" alt=\"\" \/><h3 ><\/h3><span style=\"margin: 6px 0px;\" class=\"separator transparent\"><\/span>Fotograf\u00eda de Centelles.\u00a0http:\/\/www.quintodeebro.com\/historia\/historia_1938.htm<\/p>\n<p style=\"text-align: justify;\"><\/div>\n<p style=\"text-align: justify;\">Els combats a Quinto es van iniciar r\u00e0pidament quan la 102a Brigada i tres batallons de la 120\u00aa a m\u00e9s d&#8217;una companyia d&#8217;Enginyers creuava el riu Ebre a les 04:00 hores del dia 24 d&#8217;agost i van comen\u00e7ar els seus atacs a l&#8217;estaci\u00f3 de ferrocarril de Pina d&#8217;Ebre i a l&#8217;Ermita de Bonastre , per\u00f2 sense arribar a conquerir-les en tot el dia, encara que les seves companyies m\u00e9s avan\u00e7ades es van apropar al nord de l&#8217;horta de Quinto on van tenir alguns combats. Per la seva part, les forces situades m\u00e9s al sud van iniciar tamb\u00e9 els seus atacs sent detinguts a la l\u00ednia Mediana, Rod\u00e9n i Fuentes, situant-se la 35 Divisi\u00f3 Internacional al comandament del general Walter a l&#8217;extrem est del desplegament. Aquesta Divisi\u00f3 estava formada per la 15a Brigada Internacional, la 11a Brigada Internacional i la 32a Brigada Mixta, actuant les dues primeres a Quinto. De fet, la 15a Brigada va atacar Quinto a les 06:00 hores, m\u00e9s concretament el Batall\u00f3 Dimitrov contra la posici\u00f3 de Purburel, tot i que el foc intens que van realitzar els defensors nacionals va fer que el batall\u00f3 arrib\u00e9s al nord del poble donant una gran volta, evitant tamb\u00e9 les posicions fortificades de Las Eras i el Cementiri. Aquestes dues \u00faltimes posicions van ser atacades a partir de les 09:00 hores pel Batall\u00f3 Lincoln nord-americ\u00e0 i el Batall\u00f3 Mackenzie-Papineau canadenc. El combat va seguir i a les 13:00 hores avions republicans van bombardejar Quinto mentre que a les 15:00 hores i amb la pres\u00e8ncia de vuit tancs, suport artiller i el embolcall del poble per part del batall\u00f3 Brit\u00e0nic, la Lincoln es va llan\u00e7ar a l&#8217;atac aconseguint dos hores despr\u00e9s que bona part de la posici\u00f3 de Les Eras i el Cementiri estiguessin ja en poder de la 15a Brigada. A les 18:00 hores, les companyies 1a, 2a i 3a del batall\u00f3 Lincoln van prendre posicions enfront del cementiri i l&#8217;esgl\u00e9sia, lliurant-se els primers combats al nucli urb\u00e0; mentre que els pocs defensors supervivents de Las Eras, van evacuar la seva posici\u00f3 i es van sumar a la defensa del casc urb\u00e0.<\/p>\n<p style=\"text-align: justify;\">Altres posicions que tamb\u00e9 van caure en poder republic\u00e0 van ser les posicions de La Tosqueta i Les Parideras despr\u00e9s de l&#8217;atac de la 11a Brigada Internacional, enlla\u00e7ant aix\u00ed d&#8217;aquesta manera amb la resta de forces situades m\u00e9s al nord. Per tant, en finalitzar el dia 24 d&#8217;agost, van seguir en poder de les tropes nacionals Bonastre, l&#8217;estaci\u00f3 de ferrocarril de Pina, el casc urb\u00e0 i el Purburel, concentrant el major nombre de defensors en aquestes dues \u00faltimes i no comptant amb cap tipus de refor\u00e7 ja que Quinto, igual que altres poblacions com Fuentes de Ebro, Belchite o Codo, es trobaven pr\u00e0cticament a\u00efllats. La poca ajuda amb la qual van poder comptar els defensors nacionals va ser amb el bombardeig que va realitzar avions de la Legi\u00f3 C\u00f2ndor sobre posicions republicans encara que sense molt \u00e8xit a les 07:45 hores del dia seg\u00fcent. Durant aquest mateix dia, el cap de la guarnici\u00f3 de Quinto va ordenar que les tropes es concentressin en l&#8217;Esgl\u00e9sia i en algunes cases de la pla\u00e7a, a la mateixa vegada que es van empla\u00e7ar dues peces d&#8217;artilleria en els caps de carrer amb l&#8217;objectiu de fer-se forts a aquests llocs i potenciar aix\u00ed la defensa, tot i que tan sols disposaven de 30 trets. De fet, la petici\u00f3 de refor\u00e7os pels defensors de Quinto va ser una constant durant tota la nit del 24 al 25 i fins i tot fins a la matinada del dia seg\u00fcent.<\/p>\n<p style=\"text-align: justify;\">Per la seva banda la resposta republicana va venir donada r\u00e0pidament ja que a les 08:00 hores el batall\u00f3 Dimitrov va atacar l&#8217;estaci\u00f3 de ferrocarril de Quinto on a les seves proximitats es trobava una posici\u00f3 fortificada i amb l&#8217;ajuda de la 3a companyia de la Lincoln va ocupar la f\u00e0brica de ciment. Sobre les 16:00 hores els republicans van conquerir la posici\u00f3 de Bonastre mentre que poc abans havien fet el mateix amb l&#8217;estaci\u00f3 de ferrocarril de Pina d&#8217;Ebre. Tant forces del Batall\u00f3 Dimitrov com del Batall\u00f3 Brit\u00e0nic van lluitar al mateix nucli urb\u00e0, fins i tot combats casa per casa, quedant al vespre nom\u00e9s per ocupar algunes cases de la pla\u00e7a.<\/p>\n<p style=\"text-align: justify;\">En finalitzar al dia, els nacionals nom\u00e9s resistirien a la zona fortificada del Purburel, tot i que havien rebutjat un seri\u00f3s atac del Batall\u00f3 Brit\u00e0nic durant el dia on havia mort el seu cap i que se&#8217;ls havia tallat el subministrament d&#8217;aigua procedent des del poble ja que l&#8217;esgl\u00e9sia tamb\u00e9 seria conquerida pels republicans despr\u00e9s de durs combats.<\/p>\n<p style=\"text-align: justify;\">El dia 26 va ser el definitiu per al desenlla\u00e7 de la batalla de Quinto ja que els defensors nom\u00e9s resistien al tur\u00f3 de Purburel, que es trobava envoltat de forces republicanes una vegada que havien estat preses totes les cases de la localitat. Per si fos poca cosa, els defensors nacionals encara van haver de patir un bombardeig aeri de la seva pr\u00f2pia aviaci\u00f3 que els va atacar per error creient que aquestes posicions ja estaven conquerides pels republicans. Poc m\u00e9s tard, a les 10:00 hores, es va iniciar un atac generalitzat per retre als \u00faltims defensors de Quinto per part de la 3a Companyia del Batall\u00f3 Lincoln, el Batall\u00f3 Brit\u00e0nic, dues companyies del 24\u00e8 Batall\u00f3 i abundant suport artiller i aeri. Els defensors van intentar resistir a costa de la dif\u00edcil situaci\u00f3, no rendint-se els primers defensors fins a les 16:30 hores, mentre que finalment, cap a les 18:30 hores els republicans conqueririen el Cabezo de la Nariz i per tant van donar per presa tota la posici\u00f3, finalitzant aix\u00ed la Batalla de Quinto.<\/p>\n<p style=\"text-align: justify;\"><div class=\"image_with_text\"><img decoding=\"async\" itemprop=\"image\" src=\"http:\/\/griegc.com\/wp-content\/uploads\/2017\/09\/Atlas_brigadas_internacionales_15-2_.revisado.png\" alt=\"Pl\u00e0nol de les operacions de la Batalla de Quinto\" \/><h3 >Pl\u00e0nol de les operacions de la Batalla de Quinto<\/h3><span style=\"margin: 6px 0px;\" class=\"separator transparent\"><\/span>Wikipedia<\/p>\n<p style=\"text-align: justify;\"><\/div>\n<p style=\"text-align: justify;\"><div class=\"image_with_text\"><img decoding=\"async\" itemprop=\"image\" src=\"http:\/\/griegc.com\/wp-content\/uploads\/2017\/09\/bonastre_guerra_civil.jpg\" alt=\"\" \/><h3 ><\/h3><span style=\"margin: 6px 0px;\" class=\"separator transparent\"><\/span>Fotograf\u00eda de Centelles.\u00a0http:\/\/www.quintodeebro.com\/historia\/historia_1938.htm<\/p>\n<p style=\"text-align: justify;\"><\/div>\n<p style=\"text-align: justify;\">[vc_separator type=&#8217;normal&#8217; position=&#8217;center&#8217; color=&#8221; thickness=&#8221; up=&#8221; down=&#8221;]<\/p>\n","protected":false},"excerpt":{"rendered":"<p>La Batalla de Quinto ve emmarcada dins del que es coneix com l&#8217;ofensiva de Saragossa que van realitzar els republicans a l&#8217;estiu de 1937. Aquesta es va planejar com una operaci\u00f3 de gran envergadura amb l&#8217;objectiu d&#8217;envoltar i capturar Saragossa, al mateix temps que s&#8217;efectuaven&#8230;<\/p>\n","protected":false},"author":1,"featured_media":1332,"comment_status":"open","ping_status":"open","sticky":false,"template":"","format":"standard","meta":{"_jetpack_memberships_contains_paid_content":false,"footnotes":""},"categories":[62,49],"tags":[59,78,55],"class_list":["post-1319","post","type-post","status-publish","format-standard","has-post-thumbnail","hentry","category-arago","category-guerra-civil","tag-arago","tag-guerra-cvil","tag-quinto"],"jetpack_featured_media_url":"https:\/\/griegc.com\/wp-content\/uploads\/2017\/09\/11_1174s.jpg","jetpack_sharing_enabled":true,"_links":{"self":[{"href":"https:\/\/griegc.com\/ca\/wp-json\/wp\/v2\/posts\/1319","targetHints":{"allow":["GET"]}}],"collection":[{"href":"https:\/\/griegc.com\/ca\/wp-json\/wp\/v2\/posts"}],"about":[{"href":"https:\/\/griegc.com\/ca\/wp-json\/wp\/v2\/types\/post"}],"author":[{"embeddable":true,"href":"https:\/\/griegc.com\/ca\/wp-json\/wp\/v2\/users\/1"}],"replies":[{"embeddable":true,"href":"https:\/\/griegc.com\/ca\/wp-json\/wp\/v2\/comments?post=1319"}],"version-history":[{"count":9,"href":"https:\/\/griegc.com\/ca\/wp-json\/wp\/v2\/posts\/1319\/revisions"}],"predecessor-version":[{"id":1537,"href":"https:\/\/griegc.com\/ca\/wp-json\/wp\/v2\/posts\/1319\/revisions\/1537"}],"wp:featuredmedia":[{"embeddable":true,"href":"https:\/\/griegc.com\/ca\/wp-json\/wp\/v2\/media\/1332"}],"wp:attachment":[{"href":"https:\/\/griegc.com\/ca\/wp-json\/wp\/v2\/media?parent=1319"}],"wp:term":[{"taxonomy":"category","embeddable":true,"href":"https:\/\/griegc.com\/ca\/wp-json\/wp\/v2\/categories?post=1319"},{"taxonomy":"post_tag","embeddable":true,"href":"https:\/\/griegc.com\/ca\/wp-json\/wp\/v2\/tags?post=1319"}],"curies":[{"name":"wp","href":"https:\/\/api.w.org\/{rel}","templated":true}]}}