{"id":1627,"date":"2018-02-01T17:00:03","date_gmt":"2018-02-01T17:00:03","guid":{"rendered":"http:\/\/griegc.com\/ca\/?p=1627"},"modified":"2018-02-06T16:45:47","modified_gmt":"2018-02-06T16:45:47","slug":"els-atacs-navals-a-la-costa-catalana","status":"publish","type":"post","link":"https:\/\/griegc.com\/ca\/2018\/02\/01\/els-atacs-navals-a-la-costa-catalana\/","title":{"rendered":"Els atacs navals a la costa catalana"},"content":{"rendered":"<p style=\"text-align: justify;\">Les accions ofensives navals realitzades per part de vaixells del b\u00e0ndol nacional al litoral catal\u00e0 o en les seves aig\u00fces, van tenir una import\u00e0ncia cabdal en la defensa de la costa catalana, associant-se un paral\u00b7lelisme entre elles. De fet, i tot i que la Marina republicana va comptar amb m\u00e9s unitats navals, aquesta va adoptar una estrat\u00e8gia defensiva; mentre que la gran activitat dels vaixells nacionals i la seva estrat\u00e8gia m\u00e9s ofensiva, va provocar un estat de indefensa a tot el litoral catal\u00e0.<\/p>\n<p style=\"text-align: justify;\">Per a aquestes accions ofensives, l&#8217;illa de Mallorca va jugar un paper clau ja que va actuar de gran base tant per als vaixells i submarins aix\u00ed com per a l&#8217;aviaci\u00f3 al comandament dels revoltats, trobant-se aquesta just a la rereguarda republicana.<\/p>\n<p style=\"text-align: justify;\">El primer bombardeig naval va ser realitzat pel creuer <em>Canarias<\/em> el 30 d&#8217;octubre de 1936, el vaixell de guerra m\u00e9s modern amb que comptava el b\u00e0ndol nacional, contra la ciutat gironina de Roses. Aquest bombardeig seria clau en l&#8217;esdevenir de la costa catalana ja que va provocar un p\u00e0nic generalitzat a tot el litoral catal\u00e0, afanyant-se cada poblaci\u00f3 costanera a fortificar amb trinxeres i nius de metralladores la seva part del litoral en previsi\u00f3 d&#8217;un desembarcament de tropes nacionals, enviant molts recursos tant humans com d&#8217;armament a defensar la costa.<\/p>\n<p style=\"text-align: justify;\"><div class=\"image_with_text\"><img decoding=\"async\" itemprop=\"image\" src=\"http:\/\/griegc.com\/wp-content\/uploads\/2018\/02\/5595910858_bfd31765fa_b.jpg\" alt=\"Creuer Canarias\" \/><h3 >Creuer Canarias<\/h3><span style=\"margin: 6px 0px;\" class=\"separator transparent\"><\/span><\/p>\n<p style=\"text-align: justify;\"><\/div>\n<p style=\"text-align: justify;\">Per la seva banda, els vaixells de superf\u00edcie nacionals van adoptar una estrat\u00e8gia molt ofensiva tot i ser minoria respecte als vaixells de superf\u00edcie republicans, arribant atacar diverses poblacions catalanes fins i tot el mateix dia, per crear aix\u00ed un clima d&#8217;inseguretat a la costa i de invencibilitat. Aquest va ser el cas per exemple de l&#8217;actuaci\u00f3 que va tenir el creuer <em>Canarias<\/em> el dia 8 de juny de 1937, quan en el mateix dia va atacar les poblacions de Palam\u00f3s, Calella de Palafrugell, Sant Feliu de Gu\u00edxols, Tossa de Mar, Blanes i Matar\u00f3. Entre les accions ofensives dels vaixells nacionals seria de destacar sobretot les protagonitzades pel creuer <em>Canarias<\/em>, per\u00f2 tamb\u00e9 les accions ofensives que van protagonitzar altres vaixells, com els creuers <em>Baleares<\/em> i <em>Almirante Cervera<\/em>.<\/p>\n<p style=\"text-align: justify;\">En total durant la guerra, els vaixells nacionals van atacar la costa catalana un total de 24 vegades, a la qual caldria sumar-se tres accions m\u00e9s protagonitzades per unitats italianes. Les dues primeres d&#8217;elles realitzades per submarins (<em>Torricelli<\/em> i <em>Ettore Fieramosca<\/em>) contra la zona portu\u00e0ria de Barcelona, gaireb\u00e9 sense conseq\u00fc\u00e8ncies; i la tercera protagonitzada pel creuer<em> Eugenio di Savoia<\/em>. Aquesta \u00faltima acci\u00f3 s\u00ed que va tenir conseq\u00fc\u00e8ncies ja que va ser la primera vegada que un bombardeig provocava v\u00edctimes mortals a la ciutat comtal, ja que un total de 16 persones van perdre la vida en ser atacada la ciutat.<\/p>\n<p style=\"text-align: justify;\"><div class=\"image_with_text\"><img decoding=\"async\" itemprop=\"image\" src=\"http:\/\/griegc.com\/wp-content\/uploads\/2018\/02\/NGS19370216-003-001.jpg\" alt=\"Imatges de les destrosses ocasionades pel bombardeig naval del dia 13 de febrer de 1937\" \/><h3 >Imatges de les destrosses ocasionades pel bombardeig naval del dia 13 de febrer de 1937<\/h3><span style=\"margin: 6px 0px;\" class=\"separator transparent\"><\/span>Font: <em>La Vanguardia<\/em>, 16 de febrer de 1937.<\/p>\n<p style=\"text-align: justify;\"><\/div>\n<p style=\"text-align: justify;\">Els vaixells nacionals per la seva banda van centrar les seves accions normalment contra les zones portu\u00e0ries, sent el port de Barcelona el m\u00e9s atacat, encara que tamb\u00e9 va ser bombardejat el port de Tarragona en dues ocasions i m\u00e9s ass\u00edduament els ports de la Costa Brava de Palam\u00f3s i Sant Feliu de Gu\u00edxols. Aquests ports del nord de Catalunya van ser un objectiu important, ja que servien de refugi a tots aquells vaixells que comerciaven amb el b\u00e0ndol republic\u00e0. Un altre objectiu important tamb\u00e9 va ser el pont del ferrocarril de Colera, molt pr\u00f2xim a la frontera francesa i que seria bombardejat en diferents ocasions, precisament per tallar les comunicacions ferrovi\u00e0ries entre Catalunya i Fran\u00e7a, i aix\u00ed poder entorpir l&#8217;arribada de material de guerra i voluntaris pel b\u00e0ndol republic\u00e0. D&#8217;altra banda, les poblacions de la comarca del Maresme, situades entre la ciutat de Barcelona i les de la Costa Brava, sent Matar\u00f3 la seva capital, tamb\u00e9 van patir els bombardejos navals, acreixent en aquestes localitats la vulnerabilitat de les poblacions davant d&#8217;aquests atacs.<\/p>\n<p style=\"text-align: justify;\"><div class=\"image_with_text\"><img decoding=\"async\" itemprop=\"image\" src=\"http:\/\/griegc.com\/wp-content\/uploads\/2018\/02\/cruceros-nacionales.jpg\" alt=\"Creuers nacionals\" \/><h3 >Creuers nacionals<\/h3><span style=\"margin: 6px 0px;\" class=\"separator transparent\"><\/span><\/p>\n<p style=\"text-align: justify;\"><\/div>\n<p style=\"text-align: justify;\">La previsi\u00f3 d&#8217;un desembarcament de tropes nacionals a qualsevol lloc de la costa republicana va portar al b\u00e0ndol republic\u00e0 a fortificar tot el litoral catal\u00e0, tot i que cal dir que aquesta acci\u00f3 de desembarcament mai es va produir. Si \u00e9s cert que es van planejar dues operacions de desembarcament al litoral catal\u00e0 a la fi del conflicte, la m\u00e9s important la que havia de dur-se a terme a mitjans de gener de 1939, quan 4 batallons havien de desembarcar a les platges de l&#8217;Hospitalet de l&#8217;Infant (Tarragona), a la rereguarda de les importants fortificacions constru\u00efdes en el proper Coll de Balaguer i que defensaven fortament la carretera de Val\u00e8ncia a Barcelona. El r\u00e0pid avan\u00e7 de les tropes nacionals per Catalunya faria innecessari aquesta operaci\u00f3; com la seg\u00fcent projectada per a principis de febrer del mateix any als voltants de Palam\u00f3s, en un lloc anomenat El Golfet, i que tampoc es va produir pel r\u00e0pid avan\u00e7ament de les tropes nacionals.<\/p>\n<p style=\"text-align: justify;\">\n<p align=\"center\"><em><strong>Relaci\u00f3 de bombardeigs navals a Catalunya durant la Guerra Civil (1936-1939)<\/strong><\/em><\/p>\n<table width=\"1003\" cellspacing=\"0\" cellpadding=\"5\">\n<colgroup>\n<col width=\"134\" \/>\n<col width=\"188\" \/>\n<col width=\"212\" \/>\n<col width=\"230\" \/> <\/colgroup>\n<tbody>\n<tr valign=\"top\">\n<td width=\"134\"><strong>Data<\/strong><\/td>\n<td width=\"188\"><strong>Vaixells<\/strong><\/td>\n<td width=\"212\"><strong>Ciutats atacades<\/strong><\/td>\n<td width=\"230\"><strong>Objectius<\/strong><\/td>\n<\/tr>\n<tr valign=\"top\">\n<td width=\"134\">30-10-1936<\/td>\n<td width=\"188\"><em>Canarias<\/em><\/td>\n<td width=\"212\">Roses<\/td>\n<td width=\"230\">Ciutat i port<\/td>\n<\/tr>\n<tr valign=\"top\">\n<td width=\"134\">10-11-1936<\/td>\n<td width=\"188\"><em>Canarias<\/em><\/td>\n<td width=\"212\">Barcelona<\/td>\n<td width=\"230\">Zona portu\u00e0ria<\/td>\n<\/tr>\n<tr valign=\"top\">\n<td width=\"134\">16-11-1936<\/td>\n<td width=\"188\"><em>Canarias<\/em><\/td>\n<td width=\"212\">Palam\u00f3s<\/td>\n<td width=\"230\">Zona portu\u00e0ria<\/td>\n<\/tr>\n<tr valign=\"top\">\n<td width=\"134\">20-12-1936<\/td>\n<td width=\"188\"><em>Canarias<\/em><\/td>\n<td width=\"212\">Colera<\/td>\n<td width=\"230\">Pont ferrocarril<\/td>\n<\/tr>\n<tr valign=\"top\">\n<td width=\"134\">08-01-1937<\/td>\n<td width=\"188\"><em>Canarias<\/em>, <em>Almirante Cervera<\/em><\/td>\n<td width=\"212\">Colera<\/td>\n<td width=\"230\">Pont ferrocarril<\/td>\n<\/tr>\n<tr valign=\"top\">\n<td width=\"134\">18-01-1937<\/td>\n<td width=\"188\"><em>Submar\u00ed Torricelli<\/em><\/td>\n<td width=\"212\">Barcelona<\/td>\n<td width=\"230\">Zona portu\u00e0ria<\/td>\n<\/tr>\n<tr valign=\"top\">\n<td width=\"134\">09\/10-02-1937<\/td>\n<td width=\"188\"><em>Submar\u00ed Fieramosca<\/em><\/td>\n<td width=\"212\">Barcelona<\/td>\n<td width=\"230\">Zona portu\u00e0ria<\/td>\n<\/tr>\n<tr valign=\"top\">\n<td width=\"134\">13-02-1937<\/td>\n<td width=\"188\"><em>Eugenio di Savoia<\/em><\/td>\n<td width=\"212\">Barcelona<\/td>\n<td width=\"230\">Centre ciutat. 16 morts<\/td>\n<\/tr>\n<tr valign=\"top\">\n<td width=\"134\">13-04-1937<\/td>\n<td width=\"188\"><em>Canarias<\/em>, <em>Baleares<\/em><\/td>\n<td width=\"212\">Sant Carles de la R\u00e0pita, Alcanar<\/td>\n<td width=\"230\"><\/td>\n<\/tr>\n<tr valign=\"top\">\n<td width=\"134\">14-04-1937<\/td>\n<td width=\"188\"><em>Canarias<\/em>, <em>Baleares<\/em><\/td>\n<td width=\"212\">Tarragona<\/td>\n<td width=\"230\">Zona portu\u00e0ria<\/td>\n<\/tr>\n<tr valign=\"top\">\n<td width=\"134\">08-06-1937<\/td>\n<td width=\"188\"><em>Canarias<\/em><\/td>\n<td width=\"212\">Palam\u00f3s, Calella de Palafrugell, Sant Feliu de Gu\u00edxols, Tossa de Mar, Blanes, Matar\u00f3<\/td>\n<td width=\"230\">Nuclis urbans<\/td>\n<\/tr>\n<tr valign=\"top\">\n<td width=\"134\">09-06-1937<\/td>\n<td width=\"188\"><em>Canarias<\/em>, <em>Baleares<\/em><\/td>\n<td width=\"212\">Palam\u00f3s<\/td>\n<td width=\"230\">Ciutat i port<\/td>\n<\/tr>\n<tr valign=\"top\">\n<td width=\"134\">24-06-1937<\/td>\n<td width=\"188\"><em>Baleares<\/em><\/td>\n<td width=\"212\">Arenys de Mar, Sant Andreu de Llavaneres<\/td>\n<td width=\"230\">Nuclis urbans<\/td>\n<\/tr>\n<tr valign=\"top\">\n<td width=\"134\">03-07-1937<\/td>\n<td width=\"188\"><em>Baleares<\/em><\/td>\n<td width=\"212\">Tarragona<\/td>\n<td width=\"230\">Ciutat i port<\/td>\n<\/tr>\n<tr valign=\"top\">\n<td width=\"134\">03-07-1937<\/td>\n<td width=\"188\"><em>Baleares<\/em><\/td>\n<td width=\"212\">Palam\u00f3s<\/td>\n<td width=\"230\">Port<\/td>\n<\/tr>\n<tr valign=\"top\">\n<td width=\"134\">22-07-1937<\/td>\n<td width=\"188\"><em>Canarias<\/em><\/td>\n<td width=\"212\">Matar\u00f3<\/td>\n<td width=\"230\">Zona litoral (doble bombardeig)<\/td>\n<\/tr>\n<tr valign=\"top\">\n<td width=\"134\">22-07-1937<\/td>\n<td width=\"188\"><em>Canarias<\/em><\/td>\n<td width=\"212\">Barcelona<\/td>\n<td width=\"230\">Zona litoral<\/td>\n<\/tr>\n<tr valign=\"top\">\n<td width=\"134\">14-12-1937<\/td>\n<td width=\"188\"><em>C\u00e1novas del Castillo<\/em><\/td>\n<td width=\"212\">Colera<\/td>\n<td width=\"230\">Pont ferrocarril<\/td>\n<\/tr>\n<tr valign=\"top\">\n<td width=\"134\">14-12-1937<\/td>\n<td width=\"188\"><em>Canarias<\/em>, <em>Baleares<\/em><\/td>\n<td width=\"212\">Palam\u00f3s<\/td>\n<td width=\"230\">Zona litoral<\/td>\n<\/tr>\n<tr valign=\"top\">\n<td width=\"134\">24-12-1937<\/td>\n<td width=\"188\"><em>Dos vaixells<\/em><\/td>\n<td width=\"212\">Calella, Pineda de Mar<\/td>\n<td width=\"230\"><\/td>\n<\/tr>\n<tr valign=\"top\">\n<td width=\"134\">25-12-1937<\/td>\n<td width=\"188\"><em>Un vaixell<\/em><\/td>\n<td width=\"212\">Port de la Selva, Sant Feliu de Gu\u00edxols<\/td>\n<td width=\"230\"><\/td>\n<\/tr>\n<tr valign=\"top\">\n<td width=\"134\">18-02-1938<\/td>\n<td width=\"188\">\n<p align=\"left\"><em>Almirante Cervera<\/em>, <em>Baleares<\/em>, <em>Canarias<\/em>, <em>Neptuno<\/em>, <em>J\u00fapiter <\/em><\/p>\n<\/td>\n<td width=\"212\">Colera<\/td>\n<td width=\"230\">Pont del ferrocarril<\/td>\n<\/tr>\n<tr valign=\"top\">\n<td width=\"134\">18-02-1938<\/td>\n<td width=\"188\">\n<p align=\"left\"><em>Almirante Cervera<\/em><\/p>\n<\/td>\n<td width=\"212\">Sant Feliu de Gu\u00edxols<\/td>\n<td width=\"230\">Zona portu\u00e0ria, nucli urb\u00e0<\/td>\n<\/tr>\n<tr valign=\"top\">\n<td width=\"134\">18-02-1938<\/td>\n<td width=\"188\">\n<p align=\"left\"><em>Canarias<\/em>, <em>Baleares<\/em><\/p>\n<\/td>\n<td width=\"212\">Sant Feliu de Gu\u00edxols<\/td>\n<td width=\"230\">Zona portu\u00e0ria, nucli urb\u00e0<\/td>\n<\/tr>\n<tr valign=\"top\">\n<td width=\"134\">23-02-1938<\/td>\n<td width=\"188\">\n<p align=\"left\"><em>Canarias<\/em>, <em>Baleares<\/em><\/p>\n<\/td>\n<td width=\"212\">Palam\u00f3s, Sant Feliu de Gu\u00edxols, Calonge<\/td>\n<td width=\"230\">Zona portu\u00e0ria<\/td>\n<\/tr>\n<tr valign=\"top\">\n<td width=\"134\">27-01-1939<\/td>\n<td width=\"188\">\n<p align=\"left\"><em>Mar Negro<\/em><\/p>\n<\/td>\n<td width=\"212\">Sant Feliu de Gu\u00edxols<\/td>\n<td width=\"230\">Bateria de costa<\/td>\n<\/tr>\n<tr valign=\"top\">\n<td width=\"134\">31-01-1939<\/td>\n<td width=\"188\">\n<p align=\"left\"><em>J\u00fapiter<\/em><\/p>\n<\/td>\n<td width=\"212\">Blanes<\/td>\n<td width=\"230\">Canons situats a la costa<\/td>\n<\/tr>\n<\/tbody>\n<\/table>\n","protected":false},"excerpt":{"rendered":"<p>Les accions ofensives navals realitzades per part de vaixells del b\u00e0ndol nacional al litoral catal\u00e0 o en les seves aig\u00fces, van tenir una import\u00e0ncia cabdal en la defensa de la costa catalana, associant-se un paral\u00b7lelisme entre elles. De fet, i tot i que la Marina&#8230;<\/p>\n","protected":false},"author":1,"featured_media":1621,"comment_status":"open","ping_status":"open","sticky":false,"template":"","format":"standard","meta":{"_jetpack_memberships_contains_paid_content":false,"footnotes":""},"categories":[65,49],"tags":[63,54],"class_list":["post-1627","post","type-post","status-publish","format-standard","has-post-thumbnail","hentry","category-catalunya","category-guerra-civil","tag-catalunya","tag-guerra-civil"],"jetpack_featured_media_url":"https:\/\/griegc.com\/wp-content\/uploads\/2018\/02\/Crucero-Canarias.jpg","jetpack_sharing_enabled":true,"_links":{"self":[{"href":"https:\/\/griegc.com\/ca\/wp-json\/wp\/v2\/posts\/1627","targetHints":{"allow":["GET"]}}],"collection":[{"href":"https:\/\/griegc.com\/ca\/wp-json\/wp\/v2\/posts"}],"about":[{"href":"https:\/\/griegc.com\/ca\/wp-json\/wp\/v2\/types\/post"}],"author":[{"embeddable":true,"href":"https:\/\/griegc.com\/ca\/wp-json\/wp\/v2\/users\/1"}],"replies":[{"embeddable":true,"href":"https:\/\/griegc.com\/ca\/wp-json\/wp\/v2\/comments?post=1627"}],"version-history":[{"count":3,"href":"https:\/\/griegc.com\/ca\/wp-json\/wp\/v2\/posts\/1627\/revisions"}],"predecessor-version":[{"id":1630,"href":"https:\/\/griegc.com\/ca\/wp-json\/wp\/v2\/posts\/1627\/revisions\/1630"}],"wp:featuredmedia":[{"embeddable":true,"href":"https:\/\/griegc.com\/ca\/wp-json\/wp\/v2\/media\/1621"}],"wp:attachment":[{"href":"https:\/\/griegc.com\/ca\/wp-json\/wp\/v2\/media?parent=1627"}],"wp:term":[{"taxonomy":"category","embeddable":true,"href":"https:\/\/griegc.com\/ca\/wp-json\/wp\/v2\/categories?post=1627"},{"taxonomy":"post_tag","embeddable":true,"href":"https:\/\/griegc.com\/ca\/wp-json\/wp\/v2\/tags?post=1627"}],"curies":[{"name":"wp","href":"https:\/\/api.w.org\/{rel}","templated":true}]}}