{"id":1682,"date":"2018-03-15T17:00:34","date_gmt":"2018-03-15T17:00:34","guid":{"rendered":"http:\/\/griegc.com\/ca\/?p=1682"},"modified":"2018-03-20T12:41:02","modified_gmt":"2018-03-20T12:41:02","slug":"les-linies-de-defensa-de-catalunya","status":"publish","type":"post","link":"https:\/\/griegc.com\/ca\/2018\/03\/15\/les-linies-de-defensa-de-catalunya\/","title":{"rendered":"Les l\u00ednies de defensa de Catalunya"},"content":{"rendered":"<p style=\"text-align: justify;\">El 9 de mar\u00e7 de 1938 l&#8217;ex\u00e8rcit franquista va iniciar una gran ofensiva al front d&#8217;Arag\u00f3 aconseguint un r\u00e0pid avan\u00e7ament per terres aragoneses i que va culminar amb l&#8217;arribada al mar per Vinar\u00f2s el 15 d&#8217;abril del mateix any. L&#8217;establiment d&#8217;un nou front, aquest ja a terres catalanes, estava format per la l\u00ednia que formava el riu Segre i Ebre, amb alguns caps de pont que aconseguirien establir les tropes franquistes a Ser\u00f2s i Balaguer. A Franco se li plantejava l&#8217;opci\u00f3 de continuar l&#8217;ofensiva fins a Barcelona i conquerir Catalunya; per\u00f2 per a sorpresa dels seus generals, va decidir marxar cap al sud, en direcci\u00f3 cap a Val\u00e8ncia, seu del govern republic\u00e0 i no intervenir a Catalunya per por a incitar una intervenci\u00f3 militar francesa al conflicte. D&#8217;aquesta manera les tropes republicanes van obtenir un necessari respir per poder reorganitzar-se, tot i que la lluita va continuar al llarg del Segre, que actuava com a frontera entre les dues zones hostils: la l\u00ednia corria al llarg de 300 quil\u00f2metres, comen\u00e7ant des de la conflu\u00e8ncia del Segre i l&#8217;Ebre, a Mequinensa, i seguia al llarg de l&#8217;esmentat riu i la Noguera-Pallaresa fins als Pirineus.<\/p>\n<p style=\"text-align: justify;\">L&#8217;aturada de les operacions franquistes a Catalunya va deixar que els republicans poguessin reorganitzar-se\u00a0 i a mitjans d&#8217;abril, el Ministeri de Defensa de la Rep\u00fablica va fer arribar a l&#8217;Ex\u00e8rcit de l&#8217;Est un pla de defensa basat en sis l\u00ednies successives pensades per a protegir les comunicacions amb Fran\u00e7a. Aquestes l\u00ednies en canvi no van passar en molts casos de la teoria, arribant-se a realitzar-se nom\u00e9s les dos primeres. Les sis l\u00ednies eren les seg\u00fcents:<\/p>\n<ul>\n<li style=\"text-align: justify;\">L\u00ednia 1. Comen\u00e7ava a Flix i seguia pel tossal de Montinet (a l&#8217;oest de Maials), el riu Segre a l&#8217;oest d&#8217;Artesa de Lleida i els Alam\u00fas, est de la Noguera Ribgor\u00e7ana, serra de Sant Miquel, vessant occidental del Montsec, serra de Ller\u00e0s i est de la conca de la Noguera Ribagor\u00e7ana.<\/li>\n<li style=\"text-align: justify;\">L\u00ednia 2. Serra de Bengal\u00eds (a l&#8217;est de Flix), serra la Llena (cobrint Montblanc), Tarr\u00e9s, l&#8217;Espluga Calba, Verd\u00fa, serres entre Cervera i T\u00e0rrega (cobrint Cervera), Bellver i les Pallargues (cobrint Guissona). Aquesta l\u00ednia es dividia en dues, de les quals la primera empalmava amb la L\u00ednia 1 fins a Artesa de Segre i la segona continuava per Castellnou de Bassella tot cobrint Solsona i seguint a l&#8217;est del Segre, serra de Turp, la Seu d&#8217;Urgell per enlla\u00e7ar amb la frontera francesa cap a Arcavell.<\/li>\n<li style=\"text-align: justify;\">L\u00ednia 3. oest del riu Anoia des de Sant Quint\u00ed de Mediona en direcci\u00f3 al nord, incloent els Brucs, i continuant per Solsona, serra del Cad\u00ed i la collada de Toses per a cobrir per l&#8217;oest Puigcerd\u00e0 cap a Puigpedr\u00f3s.<\/li>\n<li style=\"text-align: justify;\">L\u00ednia 4. estava definida per la conca del Llobregat, el coll de Toses i Puigpedr\u00f3s, i tenia la missi\u00f3 de cobrir l&#8217;entrada a Fran\u00e7a per Puigcerd\u00e0.<\/li>\n<li style=\"text-align: justify;\">L\u00ednia 5. Puig de Cadiretes (a la costa Brava, proper a Tossa), Vidreres, altures a l&#8217;oest de Santa Coloma de Farners, mont Santerra, serra de Sant Gregori, mont Amer, mass\u00eds d&#8217;Olot i serra Cavallera a l&#8217;oest de Camprodon, amb la missi\u00f3 de cobrir les carreteres de la costa a la frontera, de Barcelona a Girona, d&#8217;Olot a Figueres i el port d&#8217;Ar\u00e9s.<\/li>\n<li style=\"text-align: justify;\">L\u00ednia 6. Nord de la conca del riu Fluvi\u00e0, serra de Sant Grau i Basagoda, cobrint l&#8217;acc\u00e9s pel sud a Figueres i el Pert\u00fas i la carretera a Portbou.<\/li>\n<\/ul>\n<p style=\"text-align: justify;\">Mapa de Catalunya on consten les l\u00ednies defensives de Catalunya<\/p>\n<p style=\"text-align: justify;\"><div class=\"image_with_text\"><img decoding=\"async\" itemprop=\"image\" src=\"http:\/\/griegc.com\/wp-content\/uploads\/2018\/03\/51.jpg\" alt=\"Mapa de Catalunya on consten les l\u00ednies defensives de Catalunya\" \/><h3 >Mapa de Catalunya on consten les l\u00ednies defensives de Catalunya<\/h3><span style=\"margin: 6px 0px;\" class=\"separator transparent\"><\/span>Font: ROJO, Vicente, <em>Alerta los Pueblos<\/em>. Barcelona. Ariel. 1974<\/div>\n<p style=\"text-align: justify;\">De les dos l\u00ednies constru\u00efdes, la L-1 seria inutilitzada en bona part un cop els franquistes van ocupar els Pallars, situant-se la l\u00ednia del front a la Noguera Pallaresa, per b\u00e9 que finalment es va aconseguir l&#8217;establiment d&#8217;un aut\u00e8ntic cintur\u00f3 fortificat al llarg del front. Per la seva banda, la segona l\u00ednia estava igualment ben concebuda i acabada (a red\u00f3s del canal d&#8217;Urgell), per\u00f2 la resta no va funcionar de cap manera durant la retirada de 1939.<\/p>\n<p style=\"text-align: justify;\">Aquestes l\u00ednies defensives van comen\u00e7ar a construir-se a mitjans d&#8217;abril de 1938 i van allargar-se les obres fins a la tardor del mateix any. Les l\u00ednies estaven compostes de nombroses fortificacions, destacant principalment trinxeres, nius per metralladores i fusells metralladors, refugis, galeries subterr\u00e0nies d&#8217;enlla\u00e7 entre trinxeres, empla\u00e7aments artillers, observatoris, polvorins i pistes de comunicaci\u00f3, entre d&#8217;altres construccions. Moltes d&#8217;aquestes construccions es van realitzar excavant directament a la roca, en altres es va utilitzar \u00e0mpliament el formig\u00f3, alhora de crear unes importants defenses.<\/p>\n<p style=\"text-align: justify;\"><div class=\"image_with_text\"><img decoding=\"async\" itemprop=\"image\" src=\"http:\/\/griegc.com\/wp-content\/uploads\/2018\/03\/103.jpg\" alt=\"Observatori de la L-2\" \/><h3 >Observatori de la L-2<\/h3><span style=\"margin: 6px 0px;\" class=\"separator transparent\"><\/span><\/div>\n<p style=\"text-align: justify;\">Per la construcci\u00f3 d&#8217;aquestes defenses van participar unitats de sapadors i de fortificacions i obres de l&#8217;ex\u00e8rcit republic\u00e0, per\u00f2 tamb\u00e9 presos que estaven organitzats en diferents camps de treball, com era el cas dels presos del camp de treball n\u00ba2 a l&#8217;Hospitalet de l&#8217;Infant o del camp de treball n\u00ba4 de Concabella a la Segarra i que van participar molt activament en la construcci\u00f3 de diversos trams de la L-2, realitzant aquesta feina en unes dures condicions.<\/p>\n<p style=\"text-align: justify;\">Tant la L-1 com la L-2 van tenir un paper important durant l&#8217;ofensiva de Catalunya, iniciada el 23 de desembre de 1938 per l&#8217;ex\u00e8rcit franquista, on les tropes republicanes van intentar oferir resist\u00e8ncia, i en alguns sectors ho van aconseguir. Per\u00f2 amb la superioritat d&#8217;efectius franquistes, la L-1 va quedar foradada despr\u00e9s de l&#8217;ocupaci\u00f3 d&#8217;Artesa de Segre i les Borges Blanques el dia 5 de gener. En canvi la L-2, ocupada per les tropes republicanes a partir del dia 6 de gener, va poder oferir menys resist\u00e8ncia sobretot pel r\u00e0pid avan\u00e7ament de les tropes franquistes pel sud, que van avan\u00e7ar molt r\u00e0pidament per la costa, ocupant Tarragona el dia 14 de gener. Tot i aix\u00ed, encara avui dia queden vestigis d&#8217;aquestes l\u00ednies de defensa que es van construir per defensar Catalunya.<\/p>\n<p style=\"text-align: justify;\"><div class=\"image_with_text\"><img decoding=\"async\" itemprop=\"image\" src=\"http:\/\/griegc.com\/wp-content\/uploads\/2018\/03\/76.jpg\" alt=\"Trinxera de la L-2\" \/><h3 >Trinxera de la L-2<\/h3><span style=\"margin: 6px 0px;\" class=\"separator transparent\"><\/span><\/p>\n<p style=\"text-align: justify;\"><\/div>\n<p style=\"text-align: justify;\">[vc_separator type=&#8217;normal&#8217; position=&#8217;center&#8217; color=&#8221; thickness=&#8221; up=&#8221; down=&#8221;]<\/p>\n","protected":false},"excerpt":{"rendered":"<p>El 9 de mar\u00e7 de 1938 l&#8217;ex\u00e8rcit franquista va iniciar una gran ofensiva al front d&#8217;Arag\u00f3 aconseguint un r\u00e0pid avan\u00e7ament per terres aragoneses i que va culminar amb l&#8217;arribada al mar per Vinar\u00f2s el 15 d&#8217;abril del mateix any. L&#8217;establiment d&#8217;un nou front, aquest ja&#8230;<\/p>\n","protected":false},"author":1,"featured_media":1676,"comment_status":"open","ping_status":"open","sticky":false,"template":"","format":"standard","meta":{"_jetpack_memberships_contains_paid_content":false,"footnotes":""},"categories":[65,49],"tags":[63,54],"class_list":["post-1682","post","type-post","status-publish","format-standard","has-post-thumbnail","hentry","category-catalunya","category-guerra-civil","tag-catalunya","tag-guerra-civil"],"jetpack_featured_media_url":"https:\/\/griegc.com\/wp-content\/uploads\/2018\/03\/75.jpg","jetpack_sharing_enabled":true,"_links":{"self":[{"href":"https:\/\/griegc.com\/ca\/wp-json\/wp\/v2\/posts\/1682","targetHints":{"allow":["GET"]}}],"collection":[{"href":"https:\/\/griegc.com\/ca\/wp-json\/wp\/v2\/posts"}],"about":[{"href":"https:\/\/griegc.com\/ca\/wp-json\/wp\/v2\/types\/post"}],"author":[{"embeddable":true,"href":"https:\/\/griegc.com\/ca\/wp-json\/wp\/v2\/users\/1"}],"replies":[{"embeddable":true,"href":"https:\/\/griegc.com\/ca\/wp-json\/wp\/v2\/comments?post=1682"}],"version-history":[{"count":1,"href":"https:\/\/griegc.com\/ca\/wp-json\/wp\/v2\/posts\/1682\/revisions"}],"predecessor-version":[{"id":1683,"href":"https:\/\/griegc.com\/ca\/wp-json\/wp\/v2\/posts\/1682\/revisions\/1683"}],"wp:featuredmedia":[{"embeddable":true,"href":"https:\/\/griegc.com\/ca\/wp-json\/wp\/v2\/media\/1676"}],"wp:attachment":[{"href":"https:\/\/griegc.com\/ca\/wp-json\/wp\/v2\/media?parent=1682"}],"wp:term":[{"taxonomy":"category","embeddable":true,"href":"https:\/\/griegc.com\/ca\/wp-json\/wp\/v2\/categories?post=1682"},{"taxonomy":"post_tag","embeddable":true,"href":"https:\/\/griegc.com\/ca\/wp-json\/wp\/v2\/tags?post=1682"}],"curies":[{"name":"wp","href":"https:\/\/api.w.org\/{rel}","templated":true}]}}