{"id":1796,"date":"2018-05-01T17:00:10","date_gmt":"2018-05-01T17:00:10","guid":{"rendered":"http:\/\/griegc.com\/ca\/?p=1796"},"modified":"2018-05-06T12:01:13","modified_gmt":"2018-05-06T12:01:13","slug":"les-fortificacions-litorals-de-lampolla","status":"publish","type":"post","link":"https:\/\/griegc.com\/ca\/2018\/05\/01\/les-fortificacions-litorals-de-lampolla\/","title":{"rendered":"Les fortificacions litorals de l&#8217;Ampolla"},"content":{"rendered":"<p style=\"text-align: justify;\">Les primeres construccions defensives m\u00e9s s\u00f2lides que es van realitzar a Catalunya i de car\u00e0cter m\u00e9s permanent van ser les fortificacions relacionades amb la defensa de la costa, sobretot en resposta del bombardeig naval que va realitzar el creuer franquista <em>Canarias<\/em> el 30 d&#8217;octubre de 1936 a la badia de Roses. Aquest atac naval va provocar un p\u00e0nic generalitzat a tota la costa catalana davant de la primera agressi\u00f3 que rebia la rereguarda catalana i sobretot per la possibilitat d&#8217;un desembarcament de tropes franquistes a qualsevol punt del litoral catal\u00e0.<\/p>\n<p style=\"text-align: justify;\">La costa de l\u2019Ampolla no va quedar al marge d&#8217;aquesta nova situaci\u00f3 i aviat va comen\u00e7ar la vigil\u00e0ncia del seu litoral. A partir de l\u2019atac del creuer <em>Canarias<\/em> a Roses, diversos grups de milicians van ser les primeres forces que es van destinar a vigilar la costa, creant-se a m\u00e9s a m\u00e9s observatoris aix\u00ed com construint-se posicions defensives com trinxeres i metralladores a m\u00e9s a m\u00e9s d\u2019empla\u00e7aments artillers.<\/p>\n<p style=\"text-align: justify;\">Sobre aquestes posicions defensives que es van construir al litoral catal\u00e0, un informe d\u2019un oficial angl\u00e8s que a la primavera de 1937 va visitar totes les poblacions de la costa deia que la poblaci\u00f3 de l\u2019Ampolla \u00e9s trobava encara m\u00e9s separada de la carretera que unia Barcelona i Val\u00e8ncia que l\u2019Ametlla de Mar, ja que el seu cam\u00ed particular per arribar-hi tenia unes 7 milles de longitud<a href=\"#_ftn1\" name=\"_ftnref1\">[1]<\/a>. El mateix oficial angl\u00e8s recollia al seu informe que a la l\u2019Ampolla tenia menys import\u00e0ncia que l\u2019Ametlla de Mar per\u00f2, tot i aix\u00ed comptava amb algunes posicions defensives que es van construir al seu litoral com eren dos nius de metralladores i quatre trams de trinxeres.<\/p>\n<p style=\"text-align: justify;\">Pel que fa refer\u00e8ncia als mapes republicans de defensa de costes, l\u2019Ampolla havia de comptar amb les seg\u00fcents posicions:<\/p>\n<ul style=\"text-align: justify;\">\n<li>Niu de dues troneres amb un refugi i molt a prop, cap el sud, una trinxera de 80 metres.<\/li>\n<li>Dos nius de metralladora a cala Maria, comunicats per un petit cam\u00ed cap a un refugi d\u2019on sortia un cam\u00ed que anava a la carretera, desviant-se cap al sud per anar a parar a una trinxera de 40 metres.<\/li>\n<li>Dos nius de metralladores situats al port de la localitat, sent una posici\u00f3 molt semblant a l\u2019anterior, i consistent aquesta en dos nius comunicats amb un petit cam\u00ed cap a un refugi on sortia un cam\u00ed que anava a la carretera; mentre que al sud del refugi i davant de la costa hi havia una trinxera de 40 metres per\u00f2 sense connexi\u00f3 amb el refugi.<\/li>\n<li>Dos nius de metralladores a la mateixa platja de l\u2019Ampolla, cadascun d\u2019ells amb dues troneres i un refugi, per\u00f2 sense estar comunicats entre ells.<\/li>\n<\/ul>\n<p style=\"text-align: justify;\">\n<div class=\"image_with_text\"><img decoding=\"async\" itemprop=\"image\" src=\"http:\/\/griegc.com\/wp-content\/uploads\/2018\/05\/Imatge-94.jpg\" alt=\"\" \/><h3 ><\/h3><span style=\"margin: 6px 0px;\" class=\"separator transparent\"><\/span><\/div>\n<p style=\"text-align: justify;\">[vc_separator type=&#8217;normal&#8217; position=&#8217;center&#8217; color=&#8221; thickness=&#8221; up=&#8221; down=&#8221;]<\/p>\n<p style=\"text-align: justify;\"><div class=\"image_with_text\"><img decoding=\"async\" itemprop=\"image\" src=\"http:\/\/griegc.com\/wp-content\/uploads\/2018\/05\/Imatge-95.jpg\" alt=\"\" \/><h3 ><\/h3><span style=\"margin: 6px 0px;\" class=\"separator transparent\"><\/span><\/div>\n<p>D\u2019una altra banda i segons informacions d\u2019agents franquistes, \u00e9s construiria un niu per a dues metralladores a la punta del Morro de Gos; un niu senzill a la cala Mosca i un altre per a dues metralladores al port de l\u2019Ampolla.<\/p>\n<p style=\"text-align: justify;\">En canvi, un inventari realitzat per l\u2019ex\u00e8rcit durant els anys 40 assenyalaven dues posicions defensives<a href=\"#_ftn1\" name=\"_ftnref1\">[2]<\/a>. La primera era un niu de metralladores situat al lloc denominat La Dubo, ubicat a la part nord de la costa i a uns 400 metres del poble; mentre que la segona posici\u00f3 era un niu doble de metralladores empla\u00e7at al lloc anomenat com Rosa de Comandina, a la part sud, a 400 metres del poble i a 600 metres de la carretera general i enclavats a la mateixa costa. El niu de la primera posici\u00f3 estava constru\u00eft de formig\u00f3 i roca de costa i els seus paraments es trobaven camuflats amb ma\u00e7oneria irregular en sec, sent la seva planta rectangular amb espitllera frontal i lateral. En canvi, el niu doble de metralladores estava constru\u00eft de formig\u00f3 i cadascun d\u2019ells tenia una planta rectangular, amb testers semicirculars i una espitllera frontal i dues laterals, creuant els focs entre si. Es distanciaven un de l\u2019altre uns 30 metres per\u00f2 es comunicaven per galeries subterr\u00e0nies de 2 metres d\u2019altura per 1,50 d\u2019ample, existint un dip\u00f2sit al centre de la galeria que no tenia sostre, aix\u00ed com en alguns trams de l\u2019anomenada galeria.<\/p>\n<div class=\"image_with_text\"><img decoding=\"async\" itemprop=\"image\" src=\"http:\/\/griegc.com\/wp-content\/uploads\/2018\/04\/IMG_20180328_180949.jpg\" alt=\"\" \/><h3 ><\/h3><span style=\"margin: 6px 0px;\" class=\"separator transparent\"><\/span><\/div>\n<p style=\"text-align: justify;\">Des de la poblaci\u00f3 de l\u2019Ampolla es podia veure la punta del Fangar, l\u2019extremitat nord del Delta de l\u2019Ebre i que tenia la seva extremitat sud a la punta de la Banya, comprenent una dist\u00e0ncia de m\u00e9s de 40 milles. Tal i com descrivia l\u2019oficial angl\u00e8s al seu informe, l\u2019Ebre era un riu que arrossegava gran quantitat de fang procedent de la descomposici\u00f3 de les terres argiloses que travessava durant el seu llarg curs. Aquestes mat\u00e8ries terroses s\u2019anaven dipositant a l\u2019estuari, motiu pel qual el delta avan\u00e7ava mar endins any rere any. Tota la gran extensi\u00f3 de terreny que comprenia l\u2019anomenat delta estava creuada per m\u00faltiples canals de regadiu, ja que tot el terreny estava dedicat al cultiu d\u2019arr\u00f2s i quan es feia la recol\u00b7lecci\u00f3, els homes es veien obligats a transportar a coll la collita durant llargues dist\u00e0ncies perqu\u00e8 els carros no podien arribar als camps. Amb aquesta descripci\u00f3 realitzada per l\u2019oficial angl\u00e8s quedava ben clar que era completament impossible realitzar un desembarcament al mateix Delta de l\u2019Ebre.<\/p>\n<p style=\"text-align: justify;\">Posteriorment, m\u00e9s entrada la guerra i a partir de que l\u2019ex\u00e8rcit franquista arrib\u00e9s al mar per Vinar\u00f2s l\u2019abril de 1938 i precisament tamb\u00e9 per evitar tamb\u00e9 qualsevol desembarcament de tropes franquistes es va fortificar el Delta de l\u2019Ebre. En aquest cas es va fortificar la l\u00ednia que va des d\u2019Amposta fins a l\u2019Ampolla per la 1\u00aa i 2\u00aa Companyia del Batall\u00f3 de Sapadors del V\u00e8 Cos d\u2019Ex\u00e8rcit, manat pel tinent coronel Enrique L\u00edster. D\u2019aquesta manera des de l\u2019Ampolla i en direcci\u00f3 cap a Camarles es van construir un total de 10 casamates, totes del mateix tipus, d\u2019estructura quadrada (aproximadament de 4 metres d\u2019ample per altres 4 metres de llargada), amb una o dos espitlleres per on obrir foc i una sola entrada. D\u2019aquesta manera es protegia tota la franja que quedava desprotegida provinent des del Delta de l\u2019Ebre fins a Amposta, per si l\u2019enemic volia fer cap intent d\u2019ofensiva per aquest sector un cop els nacionals s\u2019havien establert al sud de l\u2019Ebre a partir de l\u2019ofensiva realitzada a l\u2019Arag\u00f3 al mar\u00e7 de 1938 i que havia provocat l\u2019a\u00efllament de Catalunya de la resta del territori republic\u00e0.<\/p>\n<p style=\"text-align: justify;\"><div class=\"image_with_text\"><img decoding=\"async\" itemprop=\"image\" src=\"http:\/\/griegc.com\/wp-content\/uploads\/2018\/05\/Ampolla.jpg\" alt=\"Mapa de les posicions \" \/><h3 >Mapa de les posicions <\/h3><span style=\"margin: 6px 0px;\" class=\"separator transparent\"><\/span><\/div>\n<p style=\"text-align: justify;\">Cal afegir com a punt final que totes aquestes fortificacions realitzades alhora de contenir un hipot\u00e8tic desembarcament de tropes franquistes al litoral de l\u2019Ampolla mai es va realitzar, de fet, no es va realitzar cap operaci\u00f3 de desembarcament a cap lloc de la costa catalana durant tota la guerra, tot i que si que van existir diferents plans per realitzar-los, com va ser el cas del 12 de gener de 1939 a les platges de l\u2019Hospitalet de l\u2019Infant o del 4 de febrer prop de Palam\u00f3s, tot i que cap d\u2019elles es va portar a terme.<\/p>\n<p style=\"text-align: justify;\">[vc_separator type=&#8217;normal&#8217; position=&#8217;center&#8217; color=&#8221; thickness=&#8221; up=&#8221; down=&#8221;]<\/p>\n<p style=\"text-align: justify;\"><a href=\"#_ftnref1\" name=\"_ftn1\">[1]<\/a> AGMAV. Caixa 2451. Carpeta 1. Document 54.<\/p>\n<p style=\"text-align: justify;\"><a href=\"#_ftnref1\" name=\"_ftn1\">[2]<\/a> CLARA, Josep, <em>Els b\u00fanquers de la costa catalana. Patrimoni militar en temps de guerra (1936-1939)<\/em>. Col\u00b7lecci\u00f3 Cam\u00ed Ral, n\u00fam 35. Barcelona. Rafael Dalmau Editor. 2012.<\/p>\n","protected":false},"excerpt":{"rendered":"<p>Les primeres construccions defensives m\u00e9s s\u00f2lides que es van realitzar a Catalunya i de car\u00e0cter m\u00e9s permanent van ser les fortificacions relacionades amb la defensa de la costa, sobretot en resposta del bombardeig naval que va realitzar el creuer franquista Canarias el 30 d&#8217;octubre de&#8230;<\/p>\n","protected":false},"author":1,"featured_media":1730,"comment_status":"open","ping_status":"open","sticky":false,"template":"","format":"standard","meta":{"_jetpack_memberships_contains_paid_content":false,"footnotes":""},"categories":[65,49],"tags":[63,54,95],"class_list":["post-1796","post","type-post","status-publish","format-standard","has-post-thumbnail","hentry","category-catalunya","category-guerra-civil","tag-catalunya","tag-guerra-civil","tag-lampolla"],"jetpack_featured_media_url":"https:\/\/griegc.com\/wp-content\/uploads\/2018\/04\/IMG_20180329_115113.jpg","jetpack_sharing_enabled":true,"_links":{"self":[{"href":"https:\/\/griegc.com\/ca\/wp-json\/wp\/v2\/posts\/1796","targetHints":{"allow":["GET"]}}],"collection":[{"href":"https:\/\/griegc.com\/ca\/wp-json\/wp\/v2\/posts"}],"about":[{"href":"https:\/\/griegc.com\/ca\/wp-json\/wp\/v2\/types\/post"}],"author":[{"embeddable":true,"href":"https:\/\/griegc.com\/ca\/wp-json\/wp\/v2\/users\/1"}],"replies":[{"embeddable":true,"href":"https:\/\/griegc.com\/ca\/wp-json\/wp\/v2\/comments?post=1796"}],"version-history":[{"count":4,"href":"https:\/\/griegc.com\/ca\/wp-json\/wp\/v2\/posts\/1796\/revisions"}],"predecessor-version":[{"id":1803,"href":"https:\/\/griegc.com\/ca\/wp-json\/wp\/v2\/posts\/1796\/revisions\/1803"}],"wp:featuredmedia":[{"embeddable":true,"href":"https:\/\/griegc.com\/ca\/wp-json\/wp\/v2\/media\/1730"}],"wp:attachment":[{"href":"https:\/\/griegc.com\/ca\/wp-json\/wp\/v2\/media?parent=1796"}],"wp:term":[{"taxonomy":"category","embeddable":true,"href":"https:\/\/griegc.com\/ca\/wp-json\/wp\/v2\/categories?post=1796"},{"taxonomy":"post_tag","embeddable":true,"href":"https:\/\/griegc.com\/ca\/wp-json\/wp\/v2\/tags?post=1796"}],"curies":[{"name":"wp","href":"https:\/\/api.w.org\/{rel}","templated":true}]}}