{"id":1858,"date":"2018-07-15T17:00:14","date_gmt":"2018-07-15T17:00:14","guid":{"rendered":"http:\/\/griegc.com\/ca\/?p=1858"},"modified":"2018-07-15T18:11:29","modified_gmt":"2018-07-15T18:11:29","slug":"les-fortificacions-de-castejon-del-puente","status":"publish","type":"post","link":"https:\/\/griegc.com\/ca\/2018\/07\/15\/les-fortificacions-de-castejon-del-puente\/","title":{"rendered":"Les fortificacions de Castej\u00f3n del Puente"},"content":{"rendered":"<p style=\"text-align: justify;\">Amb l&#8217;inici de la Guerra Civil el 18 de juliol de 1936, Castej\u00f3n del Puente es va mantenir fidel al govern leg\u00edtim de la Rep\u00fablica. En aquest fet va influir sobretot que no es revolt\u00e9s el Batall\u00f3 de Muntanya Ciutat Rodrigo n\u00ba4 de Barbastre, poblaci\u00f3 m\u00e9s propera a Castej\u00f3n del Puente on es trobaven unitats militars. No obstant aix\u00f2, Arag\u00f3 es va trobar la mateixa manera que la resta del territori peninsular totalment dividit, aconseguint-se aturar la revolta a tres cinquenes parts del territori aragon\u00e8s gr\u00e0cies a l&#8217;actuaci\u00f3 decidida de la seva gent. En canvi, la revolta si que va triomfar a les tres capitals de prov\u00edncia, Osca, Saragossa i Terol, quedant per tant aquestes en mans dels rebels.<\/p>\n<p style=\"text-align: justify;\">Castej\u00f3n del Puente va quedar a la rereguarda del front d&#8217;Arag\u00f3, ja que la l\u00ednia de combat m\u00e9s propera es va establir a uns 60 km, en l&#8217;anomenat setge d&#8217;Osca. Per\u00f2 malgrat la seva dist\u00e0ncia al front, Castej\u00f3n del Puente va adquirir una gran import\u00e0ncia ja que va ser fortament fortificat, sent una posici\u00f3 clau en la l\u00ednia fortificada m\u00e9s coneguda com a L\u00ednia del Cinca.<\/p>\n<p style=\"text-align: justify;\">A principis del conflicte i donat la por que existia que la rereguarda catalana pogu\u00e9s ser conquerida a pels revoltats en una possible ofensiva degut tamb\u00e9 a la mateixa precarietat que resultava el front d&#8217;Arag\u00f3, es va disposar la creaci\u00f3 de diversos punts de resist\u00e8ncia situats b\u00e0sicament en territori aragon\u00e8s. De fet, en data tan primerenca en el conflicte com el 6 d&#8217;agost de 1936, l&#8217;Estat Major del Comit\u00e8 Central de Mil\u00edcies de Barcelona donava l&#8217;ordre als Serveis d&#8217;Enginyers per preparar una l\u00ednia de defensa endarrerida al riu Cinca. Es volia que en el cas que les forces republicanes es veiessin obligades a retrocedir, tinguessin a la seva rereguarda una l\u00ednia fortificada en la qual no nom\u00e9s poguessin trobar abric i protecci\u00f3, sin\u00f3 tamb\u00e9 tot el suport que pogu\u00e9s proporcionar el terreny ajudat per una ben entesa defensa, utilitzant tots els elements propis de la fortificaci\u00f3 r\u00e0pida de campanya.<\/p>\n<p style=\"text-align: justify;\"><div class=\"image_with_text\"><img decoding=\"async\" itemprop=\"image\" src=\"http:\/\/griegc.com\/wp-content\/uploads\/2017\/08\/M10.jpg\" alt=\"Sector de Monz\u00f3n a la L\u00ednia del Cinca\" \/><h3 >Sector de Monz\u00f3n a la L\u00ednia del Cinca<\/h3><span style=\"margin: 6px 0px;\" class=\"separator transparent\"><\/span><\/div>\n<p style=\"text-align: justify;\">En primer lloc i amb la major urg\u00e8ncia, havien de fer-se obres -trinxeres, nius de metralladores i empla\u00e7ament de bateries de campanya- a les proximitats de les carreteres que venint d&#8217;Arag\u00f3 es dirigien a Catalunya. D&#8217;aquesta manera, la l\u00ednia que comen\u00e7ava a Monz\u00f3n, (es va ampliar m\u00e9s al nord al novembre de 1936 quan l&#8217;Estat Major va determinar que es corregu\u00e9s fins a Bolta\u00f1a) seguia tot el curs del Cinca, travessava el riu Ebre per Mequinensa i acabava a Horta de Sant Joan al sud de Gandesa. De fet, aquesta va ser la principal l\u00ednia de resist\u00e8ncia que es va construir a Arag\u00f3 amb un aut\u00e8ntic valor militar, constru\u00efda per evitar la invasi\u00f3 de Catalunya pel nord de l&#8217;Ebre i consistent en una forta l\u00ednia de resist\u00e8ncia, dotada de grans fortificacions i trinxeres situades en els marges del riu Cinca.<\/p>\n<p style=\"text-align: justify;\"><div class=\"image_with_text\"><img decoding=\"async\" itemprop=\"image\" src=\"http:\/\/griegc.com\/wp-content\/uploads\/2018\/07\/IMG_20171121_152730.jpg\" alt=\"Trinxera\" \/><h3 >Trinxera<\/h3><span style=\"margin: 6px 0px;\" class=\"separator transparent\"><\/span><\/div>\n<p style=\"text-align: justify;\">Les fortificacions que es van construir a Castej\u00f3n del Puente van ser les m\u00e9s importants de tot el sector de Monz\u00f3n. Van ser realitzades amb l&#8217;objecte principal d&#8217;impedir el tr\u00e0nsit per la carretera de Barbastre a Monz\u00f3n i el ramal de via f\u00e8rria de Selgua a Monz\u00f3n, aix\u00ed com de batre per rereguarda la riba dreta del Cinca, creuant focs amb les posicions establertes a Fonz. Aquestes posicions estaven situades en uns turons a l&#8217;oest de Monz\u00f3n i molt a prop de la carretera. La import\u00e0ncia d&#8217;aquestes venia donada pels atrinxeraments all\u00e0 constru\u00efts que podien albergar 2.500 homes; a m\u00e9s de comptar amb empla\u00e7aments per a 36 metralladores i empla\u00e7aments artillers, un per una bateria d&#8217;obusos de 155 mm i un altre per a una bateria de canons de 75 mm. Aquestes posicions defensives es complementaven amb nombrosos abrics subterranis per a tota la guarnici\u00f3 i les municions, camins coberts per comunicaci\u00f3 d&#8217;unes trinxeres a altres ja que totes estaven disposades en els vessants dels turons, aix\u00ed com tamb\u00e9 existien 3 quil\u00f2metres de pistes d&#8217;acc\u00e9s.<\/p>\n<p style=\"text-align: justify;\"><div class=\"image_with_text\"><img decoding=\"async\" itemprop=\"image\" src=\"http:\/\/griegc.com\/wp-content\/uploads\/2018\/07\/IMG_20171121_152132.jpg\" alt=\"Entrada als nius de metralladores\" \/><h3 >Entrada als nius de metralladores<\/h3><span style=\"margin: 6px 0px;\" class=\"separator transparent\"><\/span><\/div>\n<p style=\"text-align: justify;\"><div class=\"image_with_text\"><img decoding=\"async\" itemprop=\"image\" src=\"http:\/\/griegc.com\/wp-content\/uploads\/2018\/07\/IMG_20171121_152052.jpg\" alt=\"Vista interior del complex defensiu\" \/><h3 >Vista interior del complex defensiu<\/h3><span style=\"margin: 6px 0px;\" class=\"separator transparent\"><\/span><\/div>\n<p>Complementava tot aquest complex defensiu un aer\u00f2drom que es va construir a l&#8217;altre costat de la carretera, a prop del poble, i que va ser durant una bona part del conflicte un dels m\u00e9s importants del sector del front d&#8217;Osca.<\/p>\n<p>Finalment, la r\u00e0pida ofensiva dels revoltats al mar\u00e7 de 1938 a l\u2019Arag\u00f3 va provocar que les unitats republicanes que defensaven aquest sector haguessin de replegar-se r\u00e0pidament cap a Catalunya i no fent \u00fas de les magn\u00edfiques posicions defensives constru\u00efdes a Castej\u00f3n del Puente.<\/p>\n<p style=\"text-align: justify;\">[vc_separator type=&#8217;normal&#8217; position=&#8217;center&#8217; color=&#8221; thickness=&#8221; up=&#8221; down=&#8221;]<\/p>\n","protected":false},"excerpt":{"rendered":"<p>Amb l&#8217;inici de la Guerra Civil el 18 de juliol de 1936, Castej\u00f3n del Puente es va mantenir fidel al govern leg\u00edtim de la Rep\u00fablica. En aquest fet va influir sobretot que no es revolt\u00e9s el Batall\u00f3 de Muntanya Ciutat Rodrigo n\u00ba4 de Barbastre, poblaci\u00f3&#8230;<\/p>\n","protected":false},"author":1,"featured_media":1854,"comment_status":"open","ping_status":"open","sticky":false,"template":"","format":"standard","meta":{"_jetpack_memberships_contains_paid_content":false,"footnotes":""},"categories":[62,49,86,93],"tags":[59,103],"class_list":["post-1858","post","type-post","status-publish","format-standard","has-post-thumbnail","hentry","category-arago","category-guerra-civil","category-linia-del-cinca","category-trinxeres","tag-arago","tag-guerra-civil-ca"],"jetpack_featured_media_url":"https:\/\/griegc.com\/wp-content\/uploads\/2018\/07\/IMG_20171121_152309.jpg","jetpack_sharing_enabled":true,"_links":{"self":[{"href":"https:\/\/griegc.com\/ca\/wp-json\/wp\/v2\/posts\/1858","targetHints":{"allow":["GET"]}}],"collection":[{"href":"https:\/\/griegc.com\/ca\/wp-json\/wp\/v2\/posts"}],"about":[{"href":"https:\/\/griegc.com\/ca\/wp-json\/wp\/v2\/types\/post"}],"author":[{"embeddable":true,"href":"https:\/\/griegc.com\/ca\/wp-json\/wp\/v2\/users\/1"}],"replies":[{"embeddable":true,"href":"https:\/\/griegc.com\/ca\/wp-json\/wp\/v2\/comments?post=1858"}],"version-history":[{"count":4,"href":"https:\/\/griegc.com\/ca\/wp-json\/wp\/v2\/posts\/1858\/revisions"}],"predecessor-version":[{"id":1865,"href":"https:\/\/griegc.com\/ca\/wp-json\/wp\/v2\/posts\/1858\/revisions\/1865"}],"wp:featuredmedia":[{"embeddable":true,"href":"https:\/\/griegc.com\/ca\/wp-json\/wp\/v2\/media\/1854"}],"wp:attachment":[{"href":"https:\/\/griegc.com\/ca\/wp-json\/wp\/v2\/media?parent=1858"}],"wp:term":[{"taxonomy":"category","embeddable":true,"href":"https:\/\/griegc.com\/ca\/wp-json\/wp\/v2\/categories?post=1858"},{"taxonomy":"post_tag","embeddable":true,"href":"https:\/\/griegc.com\/ca\/wp-json\/wp\/v2\/tags?post=1858"}],"curies":[{"name":"wp","href":"https:\/\/api.w.org\/{rel}","templated":true}]}}