{"id":2961,"date":"2019-06-15T17:00:46","date_gmt":"2019-06-15T17:00:46","guid":{"rendered":"http:\/\/griegc.com\/ca\/2019\/06\/15\/la-organizacion-de-la-defensa-antiaerea-republicana\/"},"modified":"2019-06-18T14:44:16","modified_gmt":"2019-06-18T14:44:16","slug":"l-organitzacio-antiaeria","status":"publish","type":"post","link":"https:\/\/griegc.com\/ca\/2019\/06\/15\/l-organitzacio-antiaeria\/","title":{"rendered":"L&#8217;Organitzaci\u00f3 de la Defensa Antia\u00e8ria Republicana"},"content":{"rendered":"<p style=\"text-align: justify;\">La defensa antia\u00e8ria va ser un dels aspectes militars m\u00e9s d\u00e8bils de l&#8217;Ex\u00e8rcit Republic\u00e0 al llarg de tot el conflicte, ja que mai va poder comptar amb les peces suficients per defensar el seu territori.<\/p>\n<p style=\"text-align: justify;\">De fet, la defensa del territori es va regular amb diferents decrets i directrius, sent el primer d&#8217;aquests el del 14 de mar\u00e7 de 1937, quan la D.E.C.A., o el que \u00e9s el mateix la defensa antia\u00e8ria, passava a dependre de la Sotssecretaria d&#8217;Aviaci\u00f3. Aquest decret tenia la voluntat de millorar l&#8217;efic\u00e0cia dels serveis que composaven la defensa antia\u00e8ria, inclosos els complementaris de les xarxes a\u00e8ries, escolta i radio, procedint-se a reorganitzar-los, centralitzant-los en un sol departament<a href=\"#_ftn1\" name=\"_ftnref1\">[1]<\/a>. Al decret, dividit en cinc articles, es comunicava que la defensa antia\u00e8ria del territori republic\u00e0 estava a c\u00e0rrec del Ministeri de Marina i Aire, i que totes les unitats existents i les que es crearien per la defensa antia\u00e8ria pertanyerien a l&#8217;arma del Aire. S&#8217;establia per tant la Comand\u00e0ncia de la D.E.C.A., que passava a dependre de la Sotssecretaria del Aire, i li corresponia el comandament t\u00e0ctic i administratiu a m\u00e9s a m\u00e9s de la inspecci\u00f3 d&#8217;instrucci\u00f3 i del material de les unitats de la defensa antia\u00e8ria en servei de campanya o de costa de tot el territori republic\u00e0, a excepci\u00f3 de l&#8217;artilleria i defensa passiva embarcada, no incumbint-se en quant a les unitats que de l&#8217;anomenada defensa s&#8217;assignessin als ex\u00e8rcits d&#8217;operacions o el comandament t\u00e0ctic. Tamb\u00e9 li corresponia l&#8217;alta direcci\u00f3 de les Escoles de defensa antia\u00e8ria, les propostes d&#8217;adquisici\u00f3 del material de defensa antia\u00e8ria i la distribuci\u00f3 d&#8217;aquesta en tot el territori excepte el material que es ced\u00eds temporalment a unitats incorporades als ex\u00e8rcits en operacions.<\/p>\n<p style=\"text-align: justify;\"><div class=\"image_with_text\"><img decoding=\"async\" itemprop=\"image\" src=\"http:\/\/griegc.com\/wp-content\/uploads\/2019\/06\/DECA.jpg\" alt=\"Metralladora antia\u00e8ria\" \/><h3 >Metralladora antia\u00e8ria<\/h3><span style=\"margin: 6px 0px;\" class=\"separator transparent\"><\/span><\/div>\n<p style=\"text-align: justify;\">D\u2019una altra banda i segons el mateix decret, els caps i oficials s&#8217;havien de reclutar entre membres de les especialitats d&#8217;artilleria, enginyers i aviaci\u00f3, tot i que mentre prestessin serveis en aquestes, estarien destinats a Aire, amb les corresponents conseq\u00fc\u00e8ncies administratives i disciplin\u00e0ries, per\u00f2 sense deixar de pert\u00e0nyer als seus cos d&#8217;origen. Aix\u00ed mateix els oficials havien de realitzar cursos d&#8217;observadors, una condici\u00f3 precisa en els nous reclutaments, i els sergents de les unitats de la defensa antia\u00e8ria pertanyerien al arma de l&#8217;Aviaci\u00f3 tot i que mentre no existissin el n\u00famero d&#8217;especialistes necess\u00e0ries podrien ser assignats entre els de la resta d&#8217;armes i Cossos del Ex\u00e8rcit, passant temporalment a l\u2019arma de l&#8217;Aire, mentre que els caporals i els soldats pertanyerien al arma de l&#8217;Aire.<\/p>\n<p style=\"text-align: justify;\"><div class=\"image_with_text\"><img decoding=\"async\" itemprop=\"image\" src=\"http:\/\/griegc.com\/wp-content\/uploads\/2019\/06\/Proyector.jpg\" alt=\"Projector de la D.E.C.A.\" \/><h3 >Projector de la D.E.C.A.<\/h3><span style=\"margin: 6px 0px;\" class=\"separator transparent\"><\/span><\/div>\n<p>&nbsp;<\/p>\n<p style=\"text-align: justify;\">Posteriorment, el 3 de maig es creava tamb\u00e9 per un altre decret la direcci\u00f3 de la D.E.C.A., confirmant la subordinaci\u00f3 al Ministeri de Marina i Aire i a la Sotssecretaria d&#8217;Aviaci\u00f3 i amb depend\u00e8ncia directa del Cap de les Forces del Aire en tot all\u00f2 referent a les missions t\u00e0ctiques<a href=\"#_ftn1\" name=\"_ftnref1\">[2]<\/a>. Segons aquest decret, era compet\u00e8ncia d&#8217;aquesta Direcci\u00f3 l&#8217;organitzaci\u00f3, inspecci\u00f3 i centralitzaci\u00f3, sota el seu comandament de tota la D.E.C.A.; mentre que sobre la distribuci\u00f3 de les Unitats, aix\u00ed com de la creaci\u00f3 d&#8217;altres noves, havia de comunicar els seus projectes al Ministre a trav\u00e9s del Cap de les Forces A\u00e8ries. La Direcci\u00f3 en si havia de constar d&#8217;una Secretaria T\u00e8cnica de les seccions de Comptabilitat del Material, Administraci\u00f3 de les Forces, Obres, Personal, Escola, Material, Xarxa d&#8217;Escolta, D.E.C.A. Locals i de la Prefectura de les Forces.<\/p>\n<p style=\"text-align: justify;\"><div class=\"image_with_text\"><img decoding=\"async\" itemprop=\"image\" src=\"http:\/\/griegc.com\/wp-content\/uploads\/2019\/06\/Proyector-2.jpg\" alt=\"Barcelona il\u00b7luminada per projectors de la D.E.C.A.\" \/><h3 >Barcelona il\u00b7luminada per projectors de la D.E.C.A.<\/h3><span style=\"margin: 6px 0px;\" class=\"separator transparent\"><\/span><\/div>\n<p style=\"text-align: justify;\">Aix\u00ed mateix i respecte als centres m\u00e9s importants, el Director de la D.E.C.A., havia de nomenar a cadasc\u00fa d&#8217;ells un Cap local que tindria al seu c\u00e0rrec el comandament i direcci\u00f3 de tots els elements actius i passius que constitu\u00efen la defensa local, i quan aquests centres eren zones costaneres o poblacions mar\u00edtimes, l&#8217;anomenat Cap havia d&#8217;assumir el comandament t\u00e0ctic i t\u00e8cnic, dels llocs d&#8217;escolta, senyals d&#8217;alarma i tots els elements que ajudessin a la defensa antia\u00e8ria passiva, creats en un altre decret anterior del 8 d&#8217;agost de 1935. Aquests havien de ser presidits pel Cap de la D.E.C.A. Local o per l&#8217;Alcalde o governador on no estigu\u00e9s establerta la D.E.C.A, ajustant-se els anomenats Comit\u00e8s a les normes generals que emanarien de la direcci\u00f3 de la D.E.C.A.<\/p>\n<p style=\"text-align: justify;\"><div class=\"image_with_text\"><img decoding=\"async\" itemprop=\"image\" src=\"http:\/\/griegc.com\/wp-content\/uploads\/2019\/06\/Fono-3.jpg\" alt=\"Un fonolocalitzador\" \/><h3 >Un fonolocalitzador<\/h3><span style=\"margin: 6px 0px;\" class=\"separator transparent\"><\/span><\/div>\n<p style=\"text-align: justify;\">El Director de la D.E.C.A nomenaria tamb\u00e9 Inspectors pels diferents fronts de combat que estarien adscrits als Estats Majors dels diferents Ex\u00e8rcits en ordre d&#8217;assessorar el comandament, havent-se de nodrir els quadres de personal t\u00e8cnic de la Secci\u00f3 d&#8217;Escola que tindria cinc especialitats: Artilleria, Projectors i Fonolocalitzadors, Metralladores, Globus i Defenses Passives Locals. Per la seva part, la Secci\u00f3 de Material constaria de tres Negociats: Subministrament, Municionament i Fabricaci\u00f3; mentre que la Xarxa d&#8217;Escolta havia de tenir quatre Negociats m\u00e9s: Centre Director de Radio, Telegrafia, Telefonia i Topografia. Finalment, la Secci\u00f3 D.E.C.A. Locals Passives constarien de quatre Negociats: Regulaci\u00f3 del tr\u00e0fic, Allistament de personal civil, Enginyers de la defensa passiva i Emmascarament, enllumenat i senyals d&#8217;alarma.<\/p>\n<p style=\"text-align: justify;\">Finalment i per tal d&#8217;unificar tots aquests diferents elements combatents i crear les Unitats org\u00e0niques de la D.E.C.A., es crearia a m\u00e9s a m\u00e9s la Secci\u00f3 de Comand\u00e0ncia de les Forces, amb un Estat Major, un Inspector de Projectors i Fonolocalitzadors i quatre Negociats: Organitzaci\u00f3, Informaci\u00f3, Operacions i Serveis.<\/p>\n<p style=\"text-align: justify;\"><div class=\"image_with_text\"><img decoding=\"async\" itemprop=\"image\" src=\"http:\/\/griegc.com\/wp-content\/uploads\/2019\/06\/Emblema.jpg\" alt=\"Emblema de la D.E.C.A.\" \/><h3 >Emblema de la D.E.C.A.<\/h3><span style=\"margin: 6px 0px;\" class=\"separator transparent\"><\/span><\/div>\n<p>&nbsp;<\/p>\n<p style=\"text-align: justify;\">A l&#8217;octubre del 1937, la direcci\u00f3 de la D.E.C.A., seria traslladada juntament amb el Govern central de Val\u00e8ncia a Barcelona, acci\u00f3 que permetria assolir un nivell d&#8217;organitzaci\u00f3 i un desplegament d&#8217;efectius molt m\u00e9s eficient, per\u00f2 aquesta es veuria superada davant dels nombrosos bombardeigs aeris a que seria sotmesa Catalunya per part de l&#8217;aviaci\u00f3 rebel fins a finals del conflicte.<\/p>\n<div class=\"image_with_text\"><img decoding=\"async\" itemprop=\"image\" src=\"http:\/\/griegc.com\/wp-content\/uploads\/2019\/06\/Ca\u00f1\u00f3n-antia\u00e9reo.jpg\" alt=\"Can\u00f3 antiaeri\" \/><h3 >Can\u00f3 antiaeri<\/h3><span style=\"margin: 6px 0px;\" class=\"separator transparent\"><\/span><\/div>\n<p>&nbsp;<\/p>\n<p><a href=\"#_ftnref1\" name=\"_ftn1\">[1]<\/a><em>Gaceta de la Rep\u00fablica<\/em>, n\u00famero 73. 14 de mar\u00e7 de 1937.<\/p>\n<p><a href=\"#_ftnref1\" name=\"_ftn1\">[2]<\/a><em>Gaceta de la Rep\u00fablica<\/em>, n\u00famero 123. 3 de maig de 1937.<\/p>\n","protected":false},"excerpt":{"rendered":"<p>La defensa antia\u00e8ria va ser un dels aspectes militars m\u00e9s d\u00e8bils de l&#8217;Ex\u00e8rcit Republic\u00e0 al llarg de tot el conflicte, ja que mai va poder comptar amb les peces suficients per defensar el seu territori. De fet, la defensa del territori es va regular amb&#8230;<\/p>\n","protected":false},"author":1,"featured_media":2952,"comment_status":"open","ping_status":"open","sticky":false,"template":"","format":"standard","meta":{"_jetpack_memberships_contains_paid_content":false,"footnotes":""},"categories":[62,148,115,145,99,65,169,100],"tags":[59,149,116,146,102,63,170,103],"class_list":["post-2961","post","type-post","status-publish","format-standard","has-post-thumbnail","hentry","category-arago","category-aragon-ca","category-aviacio","category-aviacion-ca","category-cataluna-ca","category-catalunya","category-deca-ca","category-guerra-civil-2-ca","tag-arago","tag-aragon-ca","tag-aviacio","tag-aviacion-ca","tag-cataluna-ca","tag-catalunya","tag-deca-ca","tag-guerra-civil-ca"],"jetpack_featured_media_url":"https:\/\/griegc.com\/wp-content\/uploads\/2019\/06\/Soldados-DECA.jpg","jetpack_sharing_enabled":true,"_links":{"self":[{"href":"https:\/\/griegc.com\/ca\/wp-json\/wp\/v2\/posts\/2961","targetHints":{"allow":["GET"]}}],"collection":[{"href":"https:\/\/griegc.com\/ca\/wp-json\/wp\/v2\/posts"}],"about":[{"href":"https:\/\/griegc.com\/ca\/wp-json\/wp\/v2\/types\/post"}],"author":[{"embeddable":true,"href":"https:\/\/griegc.com\/ca\/wp-json\/wp\/v2\/users\/1"}],"replies":[{"embeddable":true,"href":"https:\/\/griegc.com\/ca\/wp-json\/wp\/v2\/comments?post=2961"}],"version-history":[{"count":4,"href":"https:\/\/griegc.com\/ca\/wp-json\/wp\/v2\/posts\/2961\/revisions"}],"predecessor-version":[{"id":2965,"href":"https:\/\/griegc.com\/ca\/wp-json\/wp\/v2\/posts\/2961\/revisions\/2965"}],"wp:featuredmedia":[{"embeddable":true,"href":"https:\/\/griegc.com\/ca\/wp-json\/wp\/v2\/media\/2952"}],"wp:attachment":[{"href":"https:\/\/griegc.com\/ca\/wp-json\/wp\/v2\/media?parent=2961"}],"wp:term":[{"taxonomy":"category","embeddable":true,"href":"https:\/\/griegc.com\/ca\/wp-json\/wp\/v2\/categories?post=2961"},{"taxonomy":"post_tag","embeddable":true,"href":"https:\/\/griegc.com\/ca\/wp-json\/wp\/v2\/tags?post=2961"}],"curies":[{"name":"wp","href":"https:\/\/api.w.org\/{rel}","templated":true}]}}