{"id":4017,"date":"2020-10-15T17:00:17","date_gmt":"2020-10-15T17:00:17","guid":{"rendered":"http:\/\/griegc.com\/ca\/2020\/10\/15\/la-bateria-de-costa-de-la-martinenca-en-sant-carles-de-la-rapita-tarragona\/"},"modified":"2020-10-18T21:36:07","modified_gmt":"2020-10-18T21:36:07","slug":"la-martinenca","status":"publish","type":"post","link":"https:\/\/griegc.com\/ca\/2020\/10\/15\/la-martinenca\/","title":{"rendered":"La bateria de costa de La Martinenca a Sant Carles de la R\u00e0pita (Tarragona)"},"content":{"rendered":"<p style=\"text-align: justify;\">La bateria de costa de La Martinenca, situada a 4 quil\u00f2metres a sud de Sant Carles de la R\u00e0pita i amb la que es controlava l&#8217;acc\u00e9s al Port dels Alfacs, estava empla\u00e7ada a la mateixa riba del mar a la platja, i estava composta per una casamata d&#8217;artilleria constru\u00efda amb ciment per dues peces. Cada pe\u00e7a tenia les seves argolles i tensors, que havien quedat s\u00f2lidament encastats al ciment, a m\u00e9s de comptar amb el seu corresponent passad\u00eds de formig\u00f3 que enlla\u00e7ava amb el cam\u00ed d&#8217;acc\u00e9s a la carretera de Sant Carles de la R\u00e0pita, a banda de les diferents depend\u00e8ncies, com el polvor\u00ed. La bateria de costa estava flanquejada per dos nius de metralladores circulars, un a cada costat com a defensa m\u00e9s immediata d&#8217;aquesta<a href=\"#_ftn1\" name=\"_ftnref1\">[1]<\/a>.<\/p>\n<p style=\"text-align: justify;\"><div class=\"image_with_text\"><img decoding=\"async\" itemprop=\"image\" src=\"http:\/\/griegc.com\/wp-content\/uploads\/2020\/10\/Martinenca.jpg\" alt=\"Pl\u00e0nol de la bateria de costa de La Martinenca\" \/><h3 >Pl\u00e0nol de la bateria de costa de La Martinenca<\/h3><span style=\"margin: 6px 0px;\" class=\"separator transparent\"><\/span><\/div>\n<p style=\"text-align: justify;\"><div class=\"image_with_text\"><img decoding=\"async\" itemprop=\"image\" src=\"http:\/\/griegc.com\/wp-content\/uploads\/2020\/10\/Martinenca-Avila.jpg\" alt=\"\" \/><h3 ><\/h3><span style=\"margin: 6px 0px;\" class=\"separator transparent\"><\/span><\/div>\n<p style=\"text-align: justify;\">[vc_separator type=&#8217;normal&#8217; position=&#8217;center&#8217; color=&#8221; thickness=&#8221; up=&#8221; down=&#8221;]<\/p>\n<p style=\"text-align: justify;\">Segons un inventari de l&#8217;ex\u00e8rcit realitzat un cop acabada la guerra, davant d&#8217;aquestes posicions i creuant la carretera, a uns 200 metres, hi havia una casa de ma\u00f3 en estat ru\u00efn\u00f3s, que segons semblava havia estat destinada per a cuina, lavabos i lloc de neteja; mentre que a uns 8 metres, es trobava una altra casa de majors dimensions, amb tres portes d&#8217;acc\u00e9s. La primera de l&#8217;esquerra \u00a0d\u2019aquestes portes donava acc\u00e9s a una habitaci\u00f3 destinada a la cuina, amb dues portes: una a la part posterior i l&#8217;altra a la nau central, amb porta principal. Aquesta habitaci\u00f3 comptava amb diverses finestres amb una porta que donava a una altra habitaci\u00f3 amb la tercera porta d&#8217;entrada, sense fusteria. A 20 metres d&#8217;aquesta \u00faltima porta es trobava l&#8217;observatori, situat a uns 6 metres d&#8217;altura sobre una plataforma de 2 metres quadrats, constru\u00eft de ciment i formig\u00f3 i existint a la seva dreta un lavabo.<br \/>\nA 80 metres d&#8217;aquest observatori es trobava una gran nau destinada a garatge de 16 metres de longitud per 10 metres d&#8217;ample, comptant amb un passad\u00eds per a reparaci\u00f3 d&#8217;avaries amb desguassos d&#8217;escapament. Era una nau que no tenia el sostre cobert, ja que nom\u00e9s tenia col\u00b7locades bigues de ferro per\u00f2 comptava amb grans finestres. A 1,5 km de la carretera i a 30 metres sobre el nivell de la mar es trobava tamb\u00e9 un empla\u00e7ament per reflector, punt d&#8217;observaci\u00f3 per a la costa, de gran abast, situat en una nau de 7 metres de longitud per 4 metres d&#8217;ample, constru\u00efda de ciment armat. A la seva esquerra tenia una habitaci\u00f3 destinada a cuina i m\u00e9s a l&#8217;esquerra, un lavabo amb un petit aljub d&#8217;aigua potable; mentre que a la part posterior tenia una trinxera en forma de I finalitzant en dos punts de 2 metres de profunditat per 3 metres d&#8217;ample<a href=\"#_ftnref2\" name=\"_ftn2\">[2]<\/a> .\n<\/p>\n<p style=\"text-align: justify;\"><div class=\"image_with_text\"><img decoding=\"async\" itemprop=\"image\" src=\"http:\/\/griegc.com\/wp-content\/uploads\/2020\/10\/Rapita-1.jpg\" alt=\"Imatges de la bateria de La Martinenca en 1938\" \/><h3 >Imatges de la bateria de La Martinenca en 1938<\/h3><span style=\"margin: 6px 0px;\" class=\"separator transparent\"><\/span><\/div>\n<p style=\"text-align: justify;\"><div class=\"image_with_text\"><img decoding=\"async\" itemprop=\"image\" src=\"http:\/\/griegc.com\/wp-content\/uploads\/2020\/10\/Rapita-3.jpg\" alt=\"\" \/><h3 ><\/h3><span style=\"margin: 6px 0px;\" class=\"separator transparent\"><\/span><\/div>\n<p style=\"text-align: justify;\"><div class=\"image_with_text\"><img decoding=\"async\" itemprop=\"image\" src=\"http:\/\/griegc.com\/wp-content\/uploads\/2020\/10\/Rapita-2.jpg\" alt=\"\" \/><h3 ><\/h3><span style=\"margin: 6px 0px;\" class=\"separator transparent\"><\/span><\/div>\n<p style=\"text-align: justify;\"><div class=\"image_with_text\"><img decoding=\"async\" itemprop=\"image\" src=\"http:\/\/griegc.com\/wp-content\/uploads\/2020\/10\/Rapita-4.jpg\" alt=\"\" \/><h3 ><\/h3><span style=\"margin: 6px 0px;\" class=\"separator transparent\"><\/span><\/div>\n<p style=\"text-align: justify;\">[vc_separator type=&#8217;normal&#8217; position=&#8217;center&#8217; color=&#8221; thickness=&#8221; up=&#8221; down=&#8221;]<\/p>\n<p style=\"text-align: justify;\">Els rebels van tenir not\u00edcies sobre aquesta bateria segons una nota de el 23 de juny de 1937, on s&#8217;informava que a la platja de la Martinenca s&#8217;estava construint des de feia un mes una bateria de costa moderna i important, i que existien quatre canons de 150 mm de 1877 marca Krupp situats en barbeta i protegits per fortificacions de terra a nord i sud <a href=\"#_ftn3\" name=\"_ftnref3\">[3]<\/a>.<\/p>\n<p style=\"text-align: justify;\">Sobre les peces de la bateria, al mar\u00e7 de 1937 es van empla\u00e7ar dos obusos de Bronze de 150 mm situats a La Martinenca, a l&#8217;entrada del port dels Alfacs. A finals de novembre es deia que les peces que havien estat empla\u00e7ades a la bateria eren dos canons d&#8217;Acer de 150 mm Krupp i que en aquestes dates estaven en espera de poder ser empla\u00e7ats a Alcanar. Igualment, tamb\u00e9 s&#8217;informava que es trobava armada amb dos obusos de Bronze de 150 mm procedents de la bateria de l&#8217;Ametlla de Mar; unes peces que d&#8217;altra banda necessitaven alguns ajustos per augmentar el seu sector de foc. A principis de 1938 era el seu delegat Alfonso Carta\u00f1\u00e0 Ferr\u00e9, de la CNT; i amb la reestructuraci\u00f3 de mar\u00e7 de 1938 va passar a denominar-se 33a Bateria, abandonant el seu empla\u00e7ament amb l&#8217;ofensiva dels rebels al sud de l&#8217;Ebre a l&#8217;abril de 1938.<\/p>\n<div class=\"image_with_text\"><img decoding=\"async\" itemprop=\"image\" src=\"http:\/\/griegc.com\/wp-content\/uploads\/2020\/10\/gX1SIGG.jpg\" alt=\"Imatges actuals de la bateria de La Martinenca\" \/><h3 >Imatges actuals de la bateria de La Martinenca<\/h3><span style=\"margin: 6px 0px;\" class=\"separator transparent\"><\/span><\/div>\n<div class=\"image_with_text\"><img decoding=\"async\" itemprop=\"image\" src=\"http:\/\/griegc.com\/wp-content\/uploads\/2020\/10\/b6jiJCj.jpg\" alt=\"\" \/><h3 ><\/h3><span style=\"margin: 6px 0px;\" class=\"separator transparent\"><\/span><\/div>\n<p>[vc_separator type=&#8217;normal&#8217; position=&#8217;center&#8217; color=&#8221; thickness=&#8221; up=&#8221; down=&#8221;]<\/p>\n<p><a href=\"#_ftnref1\" name=\"_ftn1\">[1]<\/a> <em>E<\/em><em>studi i documentaci\u00f3 dels elements del patrimoni local i de la Guerra Civil del terme municipal d\u2019Alcanar (Montsi\u00e0)<\/em>. Empresa Atics. 2010 y BPR-UB. FP Infiesta. Caja 2.<\/p>\n<p><a href=\"#_ftnref2\" name=\"_ftn2\">[2]<\/a> CLARA, Josep, <em>Els b\u00fanquers de la costa catalana. Patrimoni militar en temps de guerra (1936-1939)<\/em>. P\u00e1gs. 116-117.<\/p>\n<p><a href=\"#_ftnref3\" name=\"_ftn3\">[3]<\/a> AGMAV. Armari 19, Lligall 7, Carpeta 12, Document 1.<\/p>\n","protected":false},"excerpt":{"rendered":"<p>La bateria de costa de La Martinenca, situada a 4 quil\u00f2metres a sud de Sant Carles de la R\u00e0pita i amb la que es controlava l&#8217;acc\u00e9s al Port dels Alfacs, estava empla\u00e7ada a la mateixa riba del mar a la platja, i estava composta per&#8230;<\/p>\n","protected":false},"author":1,"featured_media":4009,"comment_status":"open","ping_status":"open","sticky":false,"template":"","format":"standard","meta":{"_jetpack_memberships_contains_paid_content":false,"footnotes":""},"categories":[199,65,142,223,100],"tags":[247,189,63,143,224,286],"class_list":["post-4017","post","type-post","status-publish","format-standard","has-post-thumbnail","hentry","category-armament","category-catalunya","category-defensa-de-costes","category-fortificacio","category-guerra-civil-2-ca","tag-artilleria-ca","tag-bateria-de-costa-ca","tag-catalunya","tag-defensa-de-costes","tag-fortificacio","tag-sant-carles-de-la-rapita-ca"],"jetpack_featured_media_url":"https:\/\/griegc.com\/wp-content\/uploads\/2020\/10\/Martinenca.jpg","jetpack_sharing_enabled":true,"_links":{"self":[{"href":"https:\/\/griegc.com\/ca\/wp-json\/wp\/v2\/posts\/4017","targetHints":{"allow":["GET"]}}],"collection":[{"href":"https:\/\/griegc.com\/ca\/wp-json\/wp\/v2\/posts"}],"about":[{"href":"https:\/\/griegc.com\/ca\/wp-json\/wp\/v2\/types\/post"}],"author":[{"embeddable":true,"href":"https:\/\/griegc.com\/ca\/wp-json\/wp\/v2\/users\/1"}],"replies":[{"embeddable":true,"href":"https:\/\/griegc.com\/ca\/wp-json\/wp\/v2\/comments?post=4017"}],"version-history":[{"count":2,"href":"https:\/\/griegc.com\/ca\/wp-json\/wp\/v2\/posts\/4017\/revisions"}],"predecessor-version":[{"id":4019,"href":"https:\/\/griegc.com\/ca\/wp-json\/wp\/v2\/posts\/4017\/revisions\/4019"}],"wp:featuredmedia":[{"embeddable":true,"href":"https:\/\/griegc.com\/ca\/wp-json\/wp\/v2\/media\/4009"}],"wp:attachment":[{"href":"https:\/\/griegc.com\/ca\/wp-json\/wp\/v2\/media?parent=4017"}],"wp:term":[{"taxonomy":"category","embeddable":true,"href":"https:\/\/griegc.com\/ca\/wp-json\/wp\/v2\/categories?post=4017"},{"taxonomy":"post_tag","embeddable":true,"href":"https:\/\/griegc.com\/ca\/wp-json\/wp\/v2\/tags?post=4017"}],"curies":[{"name":"wp","href":"https:\/\/api.w.org\/{rel}","templated":true}]}}