{"id":4088,"date":"2020-11-15T17:00:47","date_gmt":"2020-11-15T17:00:47","guid":{"rendered":"http:\/\/griegc.com\/ca\/2020\/11\/15\/el-nido-de-ametralladoras-del-raco-en-la-playa-de-la-pineda-de-vila-seca-tarragona\/"},"modified":"2020-11-18T15:22:26","modified_gmt":"2020-11-18T15:22:26","slug":"niu-raco-vila-seca","status":"publish","type":"post","link":"https:\/\/griegc.com\/ca\/2020\/11\/15\/niu-raco-vila-seca\/","title":{"rendered":"El niu de metralladores del Rac\u00f3 a la Platja de La Pineda de Vila-seca (Tarragona)"},"content":{"rendered":"<h4 style=\"text-align: center;\"><strong>Niu de metralladores del Rac\u00f3, a la Platja de La Pineda de Vila-seca (Tarragona)<\/strong><\/h4>\n<p>&nbsp;<\/p>\n<p><strong>Superf\u00edcie<\/strong>: 54 metres quadrats<\/p>\n<p><strong>Coordenades:<\/strong> 41\u00ba3&#8217;59.41 N\u00a0\u00a0\u00a0\u00a0\u00a0\u00a0\u00a0 01\u00ba10&#8217;48.533 E<\/p>\n<p>&nbsp;<\/p>\n<p style=\"text-align: justify;\">Aquest niu de metralladores es troba situat a un extrem de la Platja de La Pineda, conegut com el Rac\u00f3, al terme municipal de Vila-seca, a la prov\u00edncia de Tarragona.<\/p>\n<div class=\"image_with_text\"><img decoding=\"async\" itemprop=\"image\" src=\"http:\/\/griegc.com\/wp-content\/uploads\/2020\/11\/Pl-1.jpg\" alt=\"\" \/><h3 ><\/h3><span style=\"margin: 6px 0px;\" class=\"separator transparent\"><\/span><\/div>\n<div class=\"image_with_text\"><img decoding=\"async\" itemprop=\"image\" src=\"http:\/\/griegc.com\/wp-content\/uploads\/2020\/11\/Pl-2.jpg\" alt=\"Situaci\u00f3 del niu de metralladores\" \/><h3 >Situaci\u00f3 del niu de metralladores<\/h3><span style=\"margin: 6px 0px;\" class=\"separator transparent\"><\/span><\/div>\n<div class=\"image_with_text\"><img decoding=\"async\" itemprop=\"image\" src=\"http:\/\/griegc.com\/wp-content\/uploads\/2020\/11\/IMG_1.jpg\" alt=\"\" \/><h3 ><\/h3><span style=\"margin: 6px 0px;\" class=\"separator transparent\"><\/span><\/p>\n<p><\/div>\n<p>[vc_separator type=&#8217;normal&#8217; position=&#8217;center&#8217; color=&#8221; thickness=&#8221; up=&#8221; down=&#8221;]<\/p>\n<p style=\"text-align: justify;\">\n<p style=\"text-align: justify;\">Formava part de les fortificacions que van construir els republicans durant la primera meitat del 1937 per defensar la costa davant de qualsevol intent de desembarcament de tropes del b\u00e0ndol rebel. En quant a la seva construcci\u00f3, tota l\u2019estructura estava feta en roca viva, coberta amb pedres; mentre que el seu interior estava revestit de formig\u00f3 i el niu de maons, amb bigues de ferro que la sostenien. A m\u00e9s a m\u00e9s, comptava amb quatre espitlleres, dos frontals i les altres dues laterals, sent la seva planta rectangular i el tester semicircular.<\/p>\n<p style=\"text-align: justify;\"><div class=\"image_with_text\"><img decoding=\"async\" itemprop=\"image\" src=\"http:\/\/griegc.com\/wp-content\/uploads\/2020\/11\/Pl-3-seccion.jpg\" alt=\"Secci\u00f3\" \/><h3 >Secci\u00f3<\/h3><span style=\"margin: 6px 0px;\" class=\"separator transparent\"><\/span><\/div>\n<p style=\"text-align: justify;\"><div class=\"image_with_text\"><img decoding=\"async\" itemprop=\"image\" src=\"http:\/\/griegc.com\/wp-content\/uploads\/2020\/11\/Pl-4-planta.jpg\" alt=\"Planta\" \/><h3 >Planta<\/h3><span style=\"margin: 6px 0px;\" class=\"separator transparent\"><\/span><\/div>\n<p style=\"text-align: justify;\"><div class=\"image_with_text\"><img decoding=\"async\" itemprop=\"image\" src=\"http:\/\/griegc.com\/wp-content\/uploads\/2020\/11\/Pl-5-alzado.jpg\" alt=\"Al\u00e7at\" \/><h3 >Al\u00e7at<\/h3><span style=\"margin: 6px 0px;\" class=\"separator transparent\"><\/span><\/div>\n<p style=\"text-align: justify;\">[vc_separator type=&#8217;normal&#8217; position=&#8217;center&#8217; color=&#8221; thickness=&#8221; up=&#8221; down=&#8221;]<\/p>\n<p style=\"text-align: justify;\">\n<p style=\"text-align: justify;\">Actualment, el niu de metralladores es troba tancat per la part del seu acc\u00e9s, on t\u00e9 instal\u00b7lada una porta. Igualment, el passad\u00eds interior d\u2019acc\u00e9s al niu per la metralladora presenta un parell de respiralls per a la ventilaci\u00f3 de l\u2019interior de l\u2019estructura. Com a curiositat, el niu de metralladores es troba modificat per una estructura ubicada al seu sostre.<\/p>\n<div class=\"image_with_text\"><img decoding=\"async\" itemprop=\"image\" src=\"http:\/\/griegc.com\/wp-content\/uploads\/2020\/11\/IMG_2.jpg\" alt=\"\" \/><h3 ><\/h3><span style=\"margin: 6px 0px;\" class=\"separator transparent\"><\/span><\/div>\n<div class=\"image_with_text\"><img decoding=\"async\" itemprop=\"image\" src=\"http:\/\/griegc.com\/wp-content\/uploads\/2020\/11\/IMG_3.jpg\" alt=\"\" \/><h3 ><\/h3><span style=\"margin: 6px 0px;\" class=\"separator transparent\"><\/span><\/div>\n<div class=\"image_with_text\"><img decoding=\"async\" itemprop=\"image\" src=\"http:\/\/griegc.com\/wp-content\/uploads\/2020\/11\/IMG_4.jpg\" alt=\"\" \/><h3 ><\/h3><span style=\"margin: 6px 0px;\" class=\"separator transparent\"><\/span><\/div>\n<div class=\"image_with_text\"><img decoding=\"async\" itemprop=\"image\" src=\"http:\/\/griegc.com\/wp-content\/uploads\/2020\/11\/IMG_6.jpg\" alt=\"\" \/><h3 ><\/h3><span style=\"margin: 6px 0px;\" class=\"separator transparent\"><\/span><\/div>\n<div class=\"image_with_text\"><img decoding=\"async\" itemprop=\"image\" src=\"http:\/\/griegc.com\/wp-content\/uploads\/2020\/11\/IMG_5.jpg\" alt=\"\" \/><h3 ><\/h3><span style=\"margin: 6px 0px;\" class=\"separator transparent\"><\/span><\/div>\n<p>[vc_separator type=&#8217;normal&#8217; position=&#8217;center&#8217; color=&#8221; thickness=&#8221; up=&#8221; down=&#8221;]<\/p>\n<p>&nbsp;<\/p>\n","protected":false},"excerpt":{"rendered":"<p>Niu de metralladores del Rac\u00f3, a la Platja de La Pineda de Vila-seca (Tarragona) &nbsp; Superf\u00edcie: 54 metres quadrats Coordenades: 41\u00ba3&#8217;59.41 N\u00a0\u00a0\u00a0\u00a0\u00a0\u00a0\u00a0 01\u00ba10&#8217;48.533 E &nbsp; Aquest niu de metralladores es troba situat a un extrem de la Platja de La Pineda, conegut com el Rac\u00f3,&#8230;<\/p>\n","protected":false},"author":1,"featured_media":4070,"comment_status":"open","ping_status":"open","sticky":false,"template":"","format":"standard","meta":{"_jetpack_memberships_contains_paid_content":false,"footnotes":""},"categories":[65,142,223,100],"tags":[63,143,224,103,291,290],"class_list":["post-4088","post","type-post","status-publish","format-standard","has-post-thumbnail","hentry","category-catalunya","category-defensa-de-costes","category-fortificacio","category-guerra-civil-2-ca","tag-catalunya","tag-defensa-de-costes","tag-fortificacio","tag-guerra-civil-ca","tag-niu-de-metralladores","tag-vila-seca-ca"],"jetpack_featured_media_url":"https:\/\/griegc.com\/wp-content\/uploads\/2020\/11\/IMG_1.jpg","jetpack_sharing_enabled":true,"_links":{"self":[{"href":"https:\/\/griegc.com\/ca\/wp-json\/wp\/v2\/posts\/4088","targetHints":{"allow":["GET"]}}],"collection":[{"href":"https:\/\/griegc.com\/ca\/wp-json\/wp\/v2\/posts"}],"about":[{"href":"https:\/\/griegc.com\/ca\/wp-json\/wp\/v2\/types\/post"}],"author":[{"embeddable":true,"href":"https:\/\/griegc.com\/ca\/wp-json\/wp\/v2\/users\/1"}],"replies":[{"embeddable":true,"href":"https:\/\/griegc.com\/ca\/wp-json\/wp\/v2\/comments?post=4088"}],"version-history":[{"count":2,"href":"https:\/\/griegc.com\/ca\/wp-json\/wp\/v2\/posts\/4088\/revisions"}],"predecessor-version":[{"id":4090,"href":"https:\/\/griegc.com\/ca\/wp-json\/wp\/v2\/posts\/4088\/revisions\/4090"}],"wp:featuredmedia":[{"embeddable":true,"href":"https:\/\/griegc.com\/ca\/wp-json\/wp\/v2\/media\/4070"}],"wp:attachment":[{"href":"https:\/\/griegc.com\/ca\/wp-json\/wp\/v2\/media?parent=4088"}],"wp:term":[{"taxonomy":"category","embeddable":true,"href":"https:\/\/griegc.com\/ca\/wp-json\/wp\/v2\/categories?post=4088"},{"taxonomy":"post_tag","embeddable":true,"href":"https:\/\/griegc.com\/ca\/wp-json\/wp\/v2\/tags?post=4088"}],"curies":[{"name":"wp","href":"https:\/\/api.w.org\/{rel}","templated":true}]}}