{"id":4796,"date":"2021-02-15T17:00:13","date_gmt":"2021-02-15T17:00:13","guid":{"rendered":"http:\/\/griegc.com\/ca\/2021\/02\/15\/la-actuacion-de-los-t-26-en-la-zona-de-aravaca-madrid-de-finales-de-noviembre-de-1936\/"},"modified":"2021-02-16T12:15:25","modified_gmt":"2021-02-16T12:15:25","slug":"actuacio-dels-t-26-aravaca-madrid","status":"publish","type":"post","link":"https:\/\/griegc.com\/ca\/2021\/02\/15\/actuacio-dels-t-26-aravaca-madrid\/","title":{"rendered":"L&#8217;actuaci\u00f3 dels T-26 a la zona d&#8217;Aravaca-Pozuelo (Madrid) de finals de novembre de 1936"},"content":{"rendered":"<ul>\n<li><em>Art\u00edcle basat del manuscrit original de Jos\u00e9 Lu\u00eds Infiesta que es troba a l&#8217;Arxiu del Pavell\u00f3 de la Rep\u00fablica de la Universitat de Barcelona<\/em><\/li>\n<\/ul>\n<p>&nbsp;<\/p>\n<p align=\"justify\"><span lang=\"ca-ES\">Al novembre de 1936, la resist\u00e8ncia republicana davant de Madrid va obligar al general Franco a desistir de l&#8217;atac directe a la ciutat, una decisi\u00f3 que es va prendre en la coneguda com a Confer\u00e8ncia de Legan\u00e9s a la fi del mateix mes, en concret <\/span><span lang=\"ca-ES\">portada a terme <\/span><span lang=\"ca-ES\">el dia 23 de novembre de 1936. <\/span><span lang=\"ca-ES\">D<\/span><span lang=\"ca-ES\">e fet, la situaci\u00f3 en qu\u00e8 quedaven les tropes rebels era molt perillosa, ja que d&#8217;una banda estaven obligades a mantenir el sortint de la Casa de Camp<\/span><span lang=\"ca-ES\">o<\/span><span lang=\"ca-ES\">, que tenia en el seu extrem el sortint encara m\u00e9s agut de la Ciutat Universit\u00e0ria, amb risc de quedar copades si tenia \u00e8xit qualsevol contraatac republic\u00e0. Aquesta situaci\u00f3 va obligar als rebels a llan\u00e7ar atacs una mica m\u00e9s <\/span><span lang=\"ca-ES\">a<\/span><span lang=\"ca-ES\">lluny<\/span><span lang=\"ca-ES\">ats<\/span><span lang=\"ca-ES\"> de la capital, per aix\u00ed intentar aconseguir almenys la l\u00ednia Pozuelo-H<\/span><span lang=\"ca-ES\">\u00fa<\/span><span lang=\"ca-ES\">mera, amb l&#8217;objectiu que qued\u00e9s ampliada la base dels esmentats sortints. <\/span><\/p>\n<p align=\"justify\"><div class=\"image_with_text\"><img decoding=\"async\" itemprop=\"image\" src=\"http:\/\/griegc.com\/wp-content\/uploads\/2021\/02\/t2.jpg\" alt=\"T-26 capturat por tropes rebels\" \/><h3 >T-26 capturat por tropes rebels<\/h3><span style=\"margin: 6px 0px;\" class=\"separator transparent\"><\/span><\/div>\n<p align=\"justify\"><span lang=\"ca-ES\">Per dur a terme aquesta operaci\u00f3 va ser creada una Agrupaci\u00f3 <\/span><span lang=\"ca-ES\">sota<\/span><span lang=\"ca-ES\"> el comandament del tinent coronel Garc\u00eda Esc\u00e1mez, que va iniciar l&#8217;atac el dia 29 de novembre; i va aconseguir una l\u00ednia que passava pel sanatori de Bell<\/span><span lang=\"ca-ES\">a<\/span><span lang=\"ca-ES\">s Vist<\/span><span lang=\"ca-ES\">a<\/span><span lang=\"ca-ES\">s, les primeres casa de la Col\u00f2nia de la Pau i els voltants de<\/span><span lang=\"ca-ES\">l <\/span><span lang=\"ca-ES\">cementiri d&#8217;Aravaca. L&#8217;atac va quedar detingut <\/span><span lang=\"ca-ES\">en canvi <\/span><span lang=\"ca-ES\">per les reserves republicanes, entre les quals hi havia els carros de Sem<\/span><span lang=\"ca-ES\">i<\/span><span lang=\"ca-ES\">on Krivosh\u00e9in. Els rebels van llan\u00e7ar llavors a les dues companyies de carros<\/span><span lang=\"ca-ES\"><i> negrillos <\/i><\/span><span lang=\"ca-ES\">alemanys (Panzer I), tripulats per espanyols que figuraven a la columna de Siro Alonso, que van patir un complet desastre. Des del punt de vista de l&#8217;ajuda sovi\u00e8tica, el m\u00e9s important d&#8217;aquesta acci\u00f3 va ser la superioritat que van demostrar els carros russos sobre els alemanys, tal com va quedar reflectit en els escrits dels combatents de l&#8217;\u00e8poca. Segons alguns relats, les actuacions <\/span><span lang=\"ca-ES\">dels <\/span><span lang=\"ca-ES\">blindats sovi\u00e8tics armats de can\u00f3 que estaven al costat del cementiri de Pozuelo, van posar fora de combat a 25 tancs alemanys. &#8220;<\/span><span lang=\"ca-ES\"><i>Aviat van intervenir els carros russos en important nombre que alguns observadors calculen, possiblement exagerant, en prop de 40<\/i><\/span><span lang=\"ca-ES\">&#8220;, segons escriu el tinent coronel Faldella, que en aquells dies era cap de la Missi\u00f3 Militar italiana a Espanya. Es tractava del primer enfrontament entre aquest tipus de carro mitj\u00e0 de 11-12 tones amb un \u00f2ptim can\u00f3 de 45 mm, i el tipus de carro lleuger armat amb metralladores de fabricaci\u00f3 alemanya de<\/span><span lang=\"ca-ES\">l<\/span><span lang=\"ca-ES\"> qu\u00e8 disposaven els rebels. <\/span><\/p>\n<p align=\"justify\"><div class=\"image_with_text\"><img decoding=\"async\" itemprop=\"image\" src=\"http:\/\/griegc.com\/wp-content\/uploads\/2021\/02\/t5.jpg\" alt=\"Conjunt de T-26\" \/><h3 >Conjunt de T-26<\/h3><span style=\"margin: 6px 0px;\" class=\"separator transparent\"><\/span><\/div>\n<p align=\"justify\"><span lang=\"ca-ES\">Els carros rebels van cometre l&#8217;equivocaci\u00f3 de presentar combat, renunciant a l&#8217;avantatge que consistia en la seva major velocitat i maniobrabilitat, patint p\u00e8rdues notables: prop d&#8217;un ter\u00e7 dels carros i el 50% de personal. Jes\u00fas Sales Larraz\u00e1bal d\u00f3na xifres encara m\u00e9s elevades, assenyalant que van quedar avariats 36 carros dels 48 de plantilla, i resultant morts 28 dels seus tripulants i 118 ferits. Els morts van haver de ser tots espanyols, ja que no figura cap alemany a les molt completes llistes de baixes publicades per la Legi\u00f3 C\u00f2ndor. Conscient de la inferioritat dels seus carros, els comandaments alemanys van retirar del front les restes d&#8217;aquesta unitat, van intentar modificar-los i rearmar-los amb canons, no tornant a utilitzar-los fins a les operacions sobre Bilbao de l&#8217;any seg\u00fcent. <\/span><\/p>\n<p align=\"justify\"><div class=\"image_with_text\"><img decoding=\"async\" itemprop=\"image\" src=\"http:\/\/griegc.com\/wp-content\/uploads\/2021\/02\/PzI.jpg\" alt=\"Panzer I\" \/><h3 >Panzer I<\/h3><span style=\"margin: 6px 0px;\" class=\"separator transparent\"><\/span><\/div>\n<p align=\"justify\"><span lang=\"ca-ES\">L&#8217;\u00e8xit sovi\u00e8tic ha de ser atribu\u00eft a el comandant de la companyia de blindats, capit\u00e0 G. Skelezniov, que va morir dies despr\u00e9s durant la Batalla del Jarama. Va emprar els seus blindats com a artilleria antitanc, amb gran mobilitat, amagats <\/span><span lang=\"ca-ES\">darrera<\/span><span lang=\"ca-ES\"> de turons. No obstant aix\u00f2, part d&#8217;aquest \u00e8xit va poder atribuir-se tamb\u00e9 a les peces anticarro sovi\u00e8tiques, ja que va ser en aquesta acci\u00f3 on van entrar en foc els canons d&#8217;acompanyament Maklen de 37 mm Puschka Ob 1917, que s&#8217;empraven com a peces anticarro, i que tot i no ser massa modernes, van aconseguir notables \u00e8xits per la seva velocitat de tir (50 trets per minut), que aconseguien al realitzar la seva alimentaci\u00f3 mitjan\u00e7ant carregadors de cinc cartutxos. Almenys un centenar d&#8217;aquestes peces van arribar en 1936 als fronts centrals i altres quaranta van ser desembarcades a Bilbao, segons es despr\u00e8n de les llistes de Sancho de Beurko en qu\u00e8 equivocadament, els assigna un calibre de 27 mm, error que \u00e9s corregit per Guerrica Echevarr\u00eda en <\/span><span lang=\"ca-ES\">les seves<\/span><span lang=\"ca-ES\"> mem\u00f2ries. <\/span><\/p>\n<p align=\"justify\"><div class=\"image_with_text\"><img decoding=\"async\" itemprop=\"image\" src=\"http:\/\/griegc.com\/wp-content\/uploads\/2021\/02\/37mm_mclean_01.jpg\" alt=\"Can\u00f3 37 mm Maklen\" \/><h3 >Can\u00f3 37 mm Maklen<\/h3><span style=\"margin: 6px 0px;\" class=\"separator transparent\"><\/span><\/div>\n<p align=\"justify\"><span lang=\"ca-ES\">Va ser aquesta l&#8217;\u00faltima acci\u00f3 a Espanya de coronel Krivosh\u00e9in, que va ser substitu\u00eft pel general Dimitrij Pavlov, tingut com un dels prometedors t\u00e8cnics en carros de l&#8217;Ex\u00e8rcit sovi\u00e8tic.<\/span><\/p>\n<p align=\"justify\"><div class=\"image_with_text\"><img decoding=\"async\" itemprop=\"image\" src=\"http:\/\/griegc.com\/wp-content\/uploads\/2021\/02\/t3.jpg\" alt=\"Tanquista republic\u00e0\" \/><h3 >Tanquista republic\u00e0<\/h3><span style=\"margin: 6px 0px;\" class=\"separator transparent\"><\/span><\/div>\n<p align=\"justify\">[vc_separator type=&#8217;normal&#8217; position=&#8217;center&#8217; color=&#8221; thickness=&#8221; up=&#8221; down=&#8221;]<\/p>\n","protected":false},"excerpt":{"rendered":"<p>Art\u00edcle basat del manuscrit original de Jos\u00e9 Lu\u00eds Infiesta que es troba a l&#8217;Arxiu del Pavell\u00f3 de la Rep\u00fablica de la Universitat de Barcelona &nbsp; Al novembre de 1936, la resist\u00e8ncia republicana davant de Madrid va obligar al general Franco a desistir de l&#8217;atac directe&#8230;<\/p>\n","protected":false},"author":1,"featured_media":4790,"comment_status":"open","ping_status":"open","sticky":false,"template":"","format":"standard","meta":{"_jetpack_memberships_contains_paid_content":false,"footnotes":""},"categories":[199,195,268,273,100,314,272,269],"tags":[201,197,270,275,103,315,274,271],"class_list":["post-4796","post","type-post","status-publish","format-standard","has-post-thumbnail","hentry","category-armament","category-armamento-ca","category-blindados-ca","category-blindats","category-guerra-civil-2-ca","category-madrid-ca","category-tancs","category-tanques-ca","tag-armament","tag-armamento-ca","tag-blindados-ca","tag-blindats","tag-guerra-civil-ca","tag-madrid-ca","tag-tancs","tag-tanques-ca"],"jetpack_featured_media_url":"https:\/\/griegc.com\/wp-content\/uploads\/2021\/02\/t4.jpg","jetpack_sharing_enabled":true,"_links":{"self":[{"href":"https:\/\/griegc.com\/ca\/wp-json\/wp\/v2\/posts\/4796","targetHints":{"allow":["GET"]}}],"collection":[{"href":"https:\/\/griegc.com\/ca\/wp-json\/wp\/v2\/posts"}],"about":[{"href":"https:\/\/griegc.com\/ca\/wp-json\/wp\/v2\/types\/post"}],"author":[{"embeddable":true,"href":"https:\/\/griegc.com\/ca\/wp-json\/wp\/v2\/users\/1"}],"replies":[{"embeddable":true,"href":"https:\/\/griegc.com\/ca\/wp-json\/wp\/v2\/comments?post=4796"}],"version-history":[{"count":7,"href":"https:\/\/griegc.com\/ca\/wp-json\/wp\/v2\/posts\/4796\/revisions"}],"predecessor-version":[{"id":4807,"href":"https:\/\/griegc.com\/ca\/wp-json\/wp\/v2\/posts\/4796\/revisions\/4807"}],"wp:featuredmedia":[{"embeddable":true,"href":"https:\/\/griegc.com\/ca\/wp-json\/wp\/v2\/media\/4790"}],"wp:attachment":[{"href":"https:\/\/griegc.com\/ca\/wp-json\/wp\/v2\/media?parent=4796"}],"wp:term":[{"taxonomy":"category","embeddable":true,"href":"https:\/\/griegc.com\/ca\/wp-json\/wp\/v2\/categories?post=4796"},{"taxonomy":"post_tag","embeddable":true,"href":"https:\/\/griegc.com\/ca\/wp-json\/wp\/v2\/tags?post=4796"}],"curies":[{"name":"wp","href":"https:\/\/api.w.org\/{rel}","templated":true}]}}