{"id":6640,"date":"2023-02-01T17:00:00","date_gmt":"2023-02-01T17:00:00","guid":{"rendered":"http:\/\/griegc.com\/ca\/2023\/02\/01\/el-centro-de-instruccion-de-marca-priorat\/"},"modified":"2023-04-27T16:55:39","modified_gmt":"2023-04-27T16:55:39","slug":"el-centro-de-instruccion-de-marca-priorat","status":"publish","type":"post","link":"https:\/\/griegc.com\/ca\/2023\/02\/01\/el-centro-de-instruccion-de-marca-priorat\/","title":{"rendered":"El Centre d&#8217;Instrucci\u00f3 de Mar\u00e7\u00e0 (Priorat)"},"content":{"rendered":"\n<p>Al poble de Mar\u00e7\u00e0 i a les seves rodalies la pres\u00e8ncia de soldats al 1938 va ser incessant, especialment durant els mesos previs a l\u2019inici de la Batalla de l\u2019Ebre. All\u00e0 es van establir des de finals d\u2019abril fins a finals de juliol de 1938 els soldats de la XV Brigada Internacional, creant un campament que va ser conegut com <em>Chabola Valley<\/em> que va servir com a centre d\u2019instrucci\u00f3. Aquest campament es trobava situat a un barranc amagat paral\u00b7lel a la carretera que uneix les poblacions de Mar\u00e7\u00e0 i la Torre de Fontaubella, utilitzant l\u2019antic Mol\u00ed Paperer (actualment en ru\u00efnes) com a lloc de comandament de la mateixa Brigada; o el Mas d\u2019en Magriny\u00e0 com a hospital de campanya.<\/p>\n\n\n<div class=\"wp-block-image\">\n<figure class=\"aligncenter size-large\"><img loading=\"lazy\" decoding=\"async\" width=\"1024\" height=\"768\" src=\"http:\/\/griegc.com\/wp-content\/uploads\/2023\/04\/IMG_20210316_122643-1024x768.jpg\" alt=\"\" class=\"wp-image-6633\" srcset=\"https:\/\/griegc.com\/wp-content\/uploads\/2023\/04\/IMG_20210316_122643-1024x768.jpg 1024w, https:\/\/griegc.com\/wp-content\/uploads\/2023\/04\/IMG_20210316_122643-300x225.jpg 300w, https:\/\/griegc.com\/wp-content\/uploads\/2023\/04\/IMG_20210316_122643-768x576.jpg 768w, https:\/\/griegc.com\/wp-content\/uploads\/2023\/04\/IMG_20210316_122643-1536x1152.jpg 1536w, https:\/\/griegc.com\/wp-content\/uploads\/2023\/04\/IMG_20210316_122643-2048x1536.jpg 2048w, https:\/\/griegc.com\/wp-content\/uploads\/2023\/04\/IMG_20210316_122643-800x600.jpg 800w, https:\/\/griegc.com\/wp-content\/uploads\/2023\/04\/IMG_20210316_122643-700x525.jpg 700w\" sizes=\"auto, (max-width: 1024px) 100vw, 1024px\" \/><figcaption class=\"wp-element-caption\">Antic Mol\u00ed Paperer, centre de comandament de la XV Brigada Internacional<\/figcaption><\/figure><\/div>\n\n<div class=\"wp-block-image\">\n<figure class=\"aligncenter size-full\"><img loading=\"lazy\" decoding=\"async\" width=\"650\" height=\"425\" src=\"http:\/\/griegc.com\/wp-content\/uploads\/2023\/04\/gent4.jpg\" alt=\"\" class=\"wp-image-6631\" srcset=\"https:\/\/griegc.com\/wp-content\/uploads\/2023\/04\/gent4.jpg 650w, https:\/\/griegc.com\/wp-content\/uploads\/2023\/04\/gent4-300x196.jpg 300w\" sizes=\"auto, (max-width: 650px) 100vw, 650px\" \/><figcaption class=\"wp-element-caption\">Comandaments de la XV Brigada Internacional a l&#8217;entrada del Mol\u00ed Paperer (ALBA. PHOTO)<\/figcaption><\/figure><\/div>\n\n<div class=\"wp-block-image\">\n<figure class=\"aligncenter size-full\"><img loading=\"lazy\" decoding=\"async\" width=\"625\" height=\"464\" src=\"http:\/\/griegc.com\/wp-content\/uploads\/2023\/04\/gcmarsa14.jpg\" alt=\"\" class=\"wp-image-6629\" srcset=\"https:\/\/griegc.com\/wp-content\/uploads\/2023\/04\/gcmarsa14.jpg 625w, https:\/\/griegc.com\/wp-content\/uploads\/2023\/04\/gcmarsa14-300x223.jpg 300w\" sizes=\"auto, (max-width: 625px) 100vw, 625px\" \/><figcaption class=\"wp-element-caption\">Oficials internacionals a Mar\u00e7\u00e0 (ALBA. PHOTO)<\/figcaption><\/figure><\/div>\n\n<div class=\"wp-block-image\">\n<figure class=\"aligncenter size-full\"><img loading=\"lazy\" decoding=\"async\" width=\"625\" height=\"464\" src=\"http:\/\/griegc.com\/wp-content\/uploads\/2023\/04\/gcmarsa10.jpg\" alt=\"\" class=\"wp-image-6628\" srcset=\"https:\/\/griegc.com\/wp-content\/uploads\/2023\/04\/gcmarsa10.jpg 625w, https:\/\/griegc.com\/wp-content\/uploads\/2023\/04\/gcmarsa10-300x223.jpg 300w\" sizes=\"auto, (max-width: 625px) 100vw, 625px\" \/><figcaption class=\"wp-element-caption\">Instrucci\u00f3 a Mar\u00e7\u00e0 (ALBA. PHOTO)<\/figcaption><\/figure><\/div>\n\n\n<p>D\u2019una altra banda, l\u2019estaci\u00f3 de ferrocarril de Mar\u00e7\u00e0 era la \u00faltima estaci\u00f3 on s\u2019aturaven els trens que es dirigien a la zona de l\u2019Ebre, i per tant l\u2019activitat a ella tamb\u00e9 va ser molt important, sent bombardejada per l\u2019aviaci\u00f3 franquista en diferents ocasions.<\/p>\n\n\n<div class=\"wp-block-image\">\n<figure class=\"aligncenter size-full\"><img loading=\"lazy\" decoding=\"async\" width=\"600\" height=\"400\" src=\"http:\/\/griegc.com\/wp-content\/uploads\/2023\/04\/Bal_304.jpg\" alt=\"\" class=\"wp-image-6635\" srcset=\"https:\/\/griegc.com\/wp-content\/uploads\/2023\/04\/Bal_304.jpg 600w, https:\/\/griegc.com\/wp-content\/uploads\/2023\/04\/Bal_304-300x200.jpg 300w\" sizes=\"auto, (max-width: 600px) 100vw, 600px\" \/><figcaption class=\"wp-element-caption\">Bombardeig de Mar\u00e7\u00e0 del 29 de juliol de 1938 a les 17.45 hores (Istituto Storico Parri) <\/figcaption><\/figure><\/div>\n\n\n<p>Al poble mateix de Mar\u00e7\u00e0, la pres\u00e8ncia de soldats era continua, i al llarg d\u2019aquests mesos es van realitzar diferents actes al teatre, al camp de futbol, etc\u2026; habilitant diferents llocs pels serveis del soldats. Avui en dia, encara \u00e9s visible a un local del poble el r\u00e8tol original d\u2019Intend\u00e8ncia de la XV Brigada Mixta a Mar\u00e7\u00e0, o una de les barraques que formaven part del campament de l\u2019anomenada com <em>Chabola Valley<\/em>, a un terreny privat situat al terme municipal de la Torre de Fontaubella.<\/p>\n\n\n<div class=\"wp-block-image\">\n<figure class=\"aligncenter size-full\"><img loading=\"lazy\" decoding=\"async\" width=\"1000\" height=\"667\" src=\"http:\/\/griegc.com\/wp-content\/uploads\/2023\/04\/Intendencia-Brigada.jpg\" alt=\"\" class=\"wp-image-6632\" srcset=\"https:\/\/griegc.com\/wp-content\/uploads\/2023\/04\/Intendencia-Brigada.jpg 1000w, https:\/\/griegc.com\/wp-content\/uploads\/2023\/04\/Intendencia-Brigada-300x200.jpg 300w, https:\/\/griegc.com\/wp-content\/uploads\/2023\/04\/Intendencia-Brigada-768x512.jpg 768w, https:\/\/griegc.com\/wp-content\/uploads\/2023\/04\/Intendencia-Brigada-700x467.jpg 700w\" sizes=\"auto, (max-width: 1000px) 100vw, 1000px\" \/><figcaption class=\"wp-element-caption\">Local destinat a Intendencia de la XV Brigada Internacional i que encara \u00e9s conserva <\/figcaption><\/figure><\/div>\n\n\n<p>a petjada dels internacionals al poble va ser important i al 2003 es va inaugurar un monument als brigadistes a la sortida del poble, en direcci\u00f3 a Cap\u00e7anes.<\/p>\n\n\n\n<p>D\u2019una altra banda, tamb\u00e9 existeixen tres tombes de tres brigadistes, situades a la carretera cap a la Torre de Fontaubella, molt a prop del mas que va servir com a comandament de la XV Brigada Internacional (el Mol\u00ed Paperer). Aquestes tombes pertanyen als brigadistes nord-americans John Cookson, mort l\u201911 de setembre de 1938 durant la batalla; Clarence Kailin, mort al 2009 i que pel seu desig va voler que fos enterrat al costat del seu amic; i l\u2019argent\u00ed F. Jaffa, que es va casar amb una dona de Mar\u00e7\u00e0 i tamb\u00e9 va voler ser enterrat en aquest lloc.<\/p>\n\n\n<div class=\"wp-block-image\">\n<figure class=\"aligncenter size-large\"><img loading=\"lazy\" decoding=\"async\" width=\"1024\" height=\"768\" src=\"http:\/\/griegc.com\/wp-content\/uploads\/2023\/04\/5.-Marca-1024x768.jpg\" alt=\"\" class=\"wp-image-6627\" srcset=\"https:\/\/griegc.com\/wp-content\/uploads\/2023\/04\/5.-Marca-1024x768.jpg 1024w, https:\/\/griegc.com\/wp-content\/uploads\/2023\/04\/5.-Marca-300x225.jpg 300w, https:\/\/griegc.com\/wp-content\/uploads\/2023\/04\/5.-Marca-768x576.jpg 768w, https:\/\/griegc.com\/wp-content\/uploads\/2023\/04\/5.-Marca-1536x1152.jpg 1536w, https:\/\/griegc.com\/wp-content\/uploads\/2023\/04\/5.-Marca-2048x1536.jpg 2048w, https:\/\/griegc.com\/wp-content\/uploads\/2023\/04\/5.-Marca-800x600.jpg 800w, https:\/\/griegc.com\/wp-content\/uploads\/2023\/04\/5.-Marca-700x525.jpg 700w\" sizes=\"auto, (max-width: 1024px) 100vw, 1024px\" \/><figcaption class=\"wp-element-caption\">Tombes dels tres Brigadistes<\/figcaption><\/figure><\/div>","protected":false},"excerpt":{"rendered":"<p>Al poble de Mar\u00e7\u00e0 i a les seves rodalies la pres\u00e8ncia de soldats al 1938 va ser incessant, especialment durant els mesos previs a l\u2019inici de la Batalla de l\u2019Ebre. All\u00e0 es van establir des de finals d\u2019abril fins a finals de juliol de 1938&#8230;<\/p>\n","protected":false},"author":1,"featured_media":6630,"comment_status":"open","ping_status":"open","sticky":false,"template":"","format":"standard","meta":{"_jetpack_memberships_contains_paid_content":false,"footnotes":""},"categories":[409,410,411,321,412,388,49,60],"tags":[308,54,527],"class_list":["post-6640","post","type-post","status-publish","format-standard","has-post-thumbnail","hentry","category-batalla-de-lebre-2","category-bombardeigs-2","category-brigades-internacionals-2","category-campamento","category-catalunya-2","category-ejercito-popular-de-la-republica","category-guerra-civil","category-guerra-civil-2","tag-catalunya-2","tag-guerra-civil","tag-priorat"],"jetpack_featured_media_url":"https:\/\/griegc.com\/wp-content\/uploads\/2023\/04\/gcmarsa19.jpg","jetpack_sharing_enabled":true,"_links":{"self":[{"href":"https:\/\/griegc.com\/ca\/wp-json\/wp\/v2\/posts\/6640","targetHints":{"allow":["GET"]}}],"collection":[{"href":"https:\/\/griegc.com\/ca\/wp-json\/wp\/v2\/posts"}],"about":[{"href":"https:\/\/griegc.com\/ca\/wp-json\/wp\/v2\/types\/post"}],"author":[{"embeddable":true,"href":"https:\/\/griegc.com\/ca\/wp-json\/wp\/v2\/users\/1"}],"replies":[{"embeddable":true,"href":"https:\/\/griegc.com\/ca\/wp-json\/wp\/v2\/comments?post=6640"}],"version-history":[{"count":1,"href":"https:\/\/griegc.com\/ca\/wp-json\/wp\/v2\/posts\/6640\/revisions"}],"predecessor-version":[{"id":6642,"href":"https:\/\/griegc.com\/ca\/wp-json\/wp\/v2\/posts\/6640\/revisions\/6642"}],"wp:featuredmedia":[{"embeddable":true,"href":"https:\/\/griegc.com\/ca\/wp-json\/wp\/v2\/media\/6630"}],"wp:attachment":[{"href":"https:\/\/griegc.com\/ca\/wp-json\/wp\/v2\/media?parent=6640"}],"wp:term":[{"taxonomy":"category","embeddable":true,"href":"https:\/\/griegc.com\/ca\/wp-json\/wp\/v2\/categories?post=6640"},{"taxonomy":"post_tag","embeddable":true,"href":"https:\/\/griegc.com\/ca\/wp-json\/wp\/v2\/tags?post=6640"}],"curies":[{"name":"wp","href":"https:\/\/api.w.org\/{rel}","templated":true}]}}