{"id":6661,"date":"2023-03-01T17:00:00","date_gmt":"2023-03-01T17:00:00","guid":{"rendered":"http:\/\/griegc.com\/ca\/2023\/03\/01\/organizacion-de-las-unidades-de-tanques-republicanos\/"},"modified":"2023-04-27T18:22:26","modified_gmt":"2023-04-27T18:22:26","slug":"organizacion-de-las-unidades-de-tanques-republicanos","status":"publish","type":"post","link":"https:\/\/griegc.com\/ca\/2023\/03\/01\/organizacion-de-las-unidades-de-tanques-republicanos\/","title":{"rendered":"Organitzaci\u00f3 de les unitats de tancs republicans"},"content":{"rendered":"\n<p>Segons un informe de proced\u00e8ncia alemanya, ens podem aventurar a saber una mica m\u00e9s sobre l&#8217;organitzaci\u00f3 de les unitats blindades republicanes, i m\u00e9s en concret sobre els seus tancs i organitzaci\u00f3 dels mateixos.<\/p>\n\n\n\n<p>L&#8217;informe, datat el febrer de 1938, s&#8217;inicia dient que des de la Batalla de Brunete a mitjans de juliol de 1937, fins a finals de novembre, els republicans van poder comptar amb prou temps per reorganitzar les seves seccions de tancs substituint els inservibles per altres de nous, a m\u00e9s d&#8217;instruir el personal necessari. Segons les darreres not\u00edcies que havien rebut, s&#8217;assegurava que el per\u00edode de pausa havia estat ben aprofitat de manera que l&#8217;especialitat de tancs estava al territori republic\u00e0 no nom\u00e9s ben organitzada, sin\u00f3 num\u00e8ricament molt forta, ja que comptaven amb 250 unitats lleugeres i 50 pesades, fent un total de 300 tancs. Tot i que en aquest nombre podien estar compresos tancs que tenien necessitat de ser reparats, resultava evident l&#8217;augment considerable del nombre de tancs que posse\u00efen els republicans en relaci\u00f3 amb els que tenien a finals de juliol, el nombre dels quals s&#8217;havia avaluat llavors en uns 180.<\/p>\n\n\n\n<p>Si es tenia en compte els 80 tancs i els 50 carros blindats perduts pels republicans en el per\u00edode compr\u00e8s entre juliol i desembre i incloent-hi el nombre dels perduts a Ast\u00faries, es podia deduir que per reunir el nombre de 300 tancs abans esmentat , els havien hagut de ser subministrats 250 tancs nous. Aquest resultat que pot semblar exagerat havia estat confirmat per informacions segures, tal com s&#8217;indicava a l&#8217;informe. No obstant aix\u00f2, en aquest n\u00famero no havien estat inclosos els carros blindats el nombre dels quals era molt dif\u00edcil de determinar.<\/p>\n\n\n\n<p>El nombre de tancs de qu\u00e8 disposaven, aix\u00ed com dels que els havien estat subministrats en les darreres dates, havia estat determinat basant-se en les declaracions dels presoners i de les comunicacions del Servei d&#8217;Informaci\u00f3. A m\u00e9s, el desenvolupament de les altres especialitats motoritzades de l&#8217;Ex\u00e8rcit Republic\u00e0, per exemple l&#8217;aviaci\u00f3, aix\u00ed com la demostraci\u00f3 pr\u00e0ctica donada per l&#8217;ocupaci\u00f3 sobre els fronts d&#8217;Arag\u00f3 a mitjans d&#8217;octubre, i al de Terol a mitjans de desembre per part dels republicans, de 50 tancs a cada acci\u00f3 servien de confirmaci\u00f3 a la veracitat de les informacions rebudes. I si a m\u00e9s se citava el fet que en el combat del 13 d&#8217;octubre de Fuentes de Ebro (Saragossa), els republicans van fer servir 50 tancs perdent-ne 19, malgrat aix\u00f2 el 16, o sigui nom\u00e9s tres dies despr\u00e9s, van atacar per aquell mateix davant amb 55 tancs.<\/p>\n\n\n\n<p>Els 300 tancs existents estaven dividits en batallons de prop de 50 unitats cadascun situats als diferents fronts, a m\u00e9s dels que es trobaven al centre d&#8217;instrucci\u00f3 d&#8217;Archena (M\u00farcia).<\/p>\n\n\n\n<p>Els batallons estaven dividits de la manera seg\u00fcent:<\/p>\n\n\n\n<ul class=\"wp-block-list\">\n<li>Dos Batallons al Front d&#8217;Arag\u00f3, uns al Nord i un altre al Sud de l&#8217;Ebre.<\/li>\n\n\n\n<li>Un Batall\u00f3 al Front de Guadalajara, que va ser traslladat per a l&#8217;atac de Terol a prop d&#8217;aquesta ciutat.<\/li>\n\n\n\n<li>Un Batall\u00f3 al Front de Madrid.<\/li>\n\n\n\n<li>Un Batall\u00f3 al Front Sud.<\/li>\n\n\n\n<li>La resta, uns 50 tancs, devien ser a Archena en reparaci\u00f3.<\/li>\n<\/ul>\n\n\n\n<p>Segons \u00faltimes not\u00edcies, aquests \u00faltims dies s&#8217;havia organitzat a Pu\u00e7ol, al sud de Sagunt, una nova brigada de tancs.<\/p>\n\n\n<div class=\"wp-block-image\">\n<figure class=\"aligncenter size-full\"><img loading=\"lazy\" decoding=\"async\" width=\"999\" height=\"630\" src=\"http:\/\/griegc.com\/wp-content\/uploads\/2023\/04\/T1.jpg\" alt=\"\" class=\"wp-image-6644\" srcset=\"https:\/\/griegc.com\/wp-content\/uploads\/2023\/04\/T1.jpg 999w, https:\/\/griegc.com\/wp-content\/uploads\/2023\/04\/T1-300x189.jpg 300w, https:\/\/griegc.com\/wp-content\/uploads\/2023\/04\/T1-768x484.jpg 768w, https:\/\/griegc.com\/wp-content\/uploads\/2023\/04\/T1-700x441.jpg 700w\" sizes=\"auto, (max-width: 999px) 100vw, 999px\" \/><figcaption class=\"wp-element-caption\">3 T-26<\/figcaption><\/figure><\/div>\n\n\n<p><strong>Organitzaci\u00f3 de la secci\u00f3 de tancs<\/strong><\/p>\n\n\n\n<p>Tot i all\u00f2 detallat de la informaci\u00f3, el servei d&#8217;espionatge franquista no havia pogut establir l&#8217;exist\u00e8ncia d&#8217;un Comandament general de la secci\u00f3 de tancs. Els tancs estaven dividits en 5 batallons, dels quals 4 eren lleugers i 1 de tancs pesants. Te\u00f2ricament, cada escamot constava de 5 tancs, cada companyia de 15, a m\u00e9s de 1 tanc per a cada Oficial Comandant d&#8217;una Companyia. Per la seva banda, un Batall\u00f3 havia de tenir un total de 48 tancs. A la pr\u00e0ctica variava segons les diferents accions el nombre de tancs assignats a cada unitat d&#8217;infanteria. Per exemple, van ser assignats 5 tancs a cadascuna de les Brigades Mixtes 120, 121 i 150; mentre que a la Divisi\u00f3 L\u00edster durant l&#8217;atac del front aragon\u00e8s li va ser assignada 50 tancs. \u00daltimament, les unitats de tancs havien d&#8217;estar dotades d&#8217;estacions de r\u00e0dio especials.<\/p>\n\n\n\n<p><strong>Utilitat<\/strong><\/p>\n\n\n\n<p>La dotaci\u00f3 num\u00e8rica de carros de combat per unitat estava relacionada directament amb la import\u00e0ncia i les caracter\u00edstiques de l&#8217;acci\u00f3 en qu\u00e8 s&#8217;utilitzarien. Durant el per\u00edode d&#8217;agost a desembre del 1937, les accions exercides pels republicans sobretot els fronts a excepci\u00f3 del front d&#8217;Arag\u00f3 van ser sempre de poca import\u00e0ncia, i el nombre de tancs utilitzats va ser sempre petit. La t\u00e0ctica emprada va ser sempre la mateixa tant a les accions grans com a les petites: els carros van ser emprats exclusivament com a ajuda a la infanteria.<\/p>\n\n\n<div class=\"wp-block-image\">\n<figure class=\"aligncenter size-large\"><img loading=\"lazy\" decoding=\"async\" width=\"1024\" height=\"653\" src=\"http:\/\/griegc.com\/wp-content\/uploads\/2023\/04\/T5-1024x653.jpg\" alt=\"\" class=\"wp-image-6648\" srcset=\"https:\/\/griegc.com\/wp-content\/uploads\/2023\/04\/T5-1024x653.jpg 1024w, https:\/\/griegc.com\/wp-content\/uploads\/2023\/04\/T5-300x191.jpg 300w, https:\/\/griegc.com\/wp-content\/uploads\/2023\/04\/T5-768x490.jpg 768w, https:\/\/griegc.com\/wp-content\/uploads\/2023\/04\/T5-700x447.jpg 700w, https:\/\/griegc.com\/wp-content\/uploads\/2023\/04\/T5.jpg 1055w\" sizes=\"auto, (max-width: 1024px) 100vw, 1024px\" \/><figcaption class=\"wp-element-caption\">T-26<\/figcaption><\/figure><\/div>\n\n\n<p><strong>Tipus dels tancs<\/strong><\/p>\n\n\n\n<p>Sovint eren rebudes informacions que al\u00b7legaven l&#8217;exist\u00e8ncia entre els republicans de tipus de tancs que no s&#8217;havien utilitzat fins aleshores; per\u00f2 no obstant aix\u00f2, aquestes informacions no eren verificades. Probablement i segons l&#8217;informe, dels darrers 250 tancs que havien estat subministrats als republicans, no existien tipus desconeguts, per tant es podia deduir que els republicans nom\u00e9s disposaven de tancs Renault, Vickers, T-26, T-27, Christie i els del tipus BT. (\u00c9s ben sabut que els republicans no van comptar ni amb tancs Vickers ni Christie, com cita l&#8217;informe). Al Front Nord els republicans van fer servir tancs de fabricaci\u00f3 espanyola (F\u00e0brica de Trubia), armats d&#8217;una sola metralladora de calibre 7,7 mm; tancs de poc valor tant pel que fa a la cuirassa com al moviment. Els carros lleugers estaven prove\u00efts de motors de 8 cilindres i els pesats de motors de 12 cilindres.<\/p>\n\n\n<div class=\"wp-block-image\">\n<figure class=\"aligncenter size-large\"><img loading=\"lazy\" decoding=\"async\" width=\"1024\" height=\"569\" src=\"http:\/\/griegc.com\/wp-content\/uploads\/2023\/04\/T7-1024x569.jpg\" alt=\"\" class=\"wp-image-6650\" srcset=\"https:\/\/griegc.com\/wp-content\/uploads\/2023\/04\/T7-1024x569.jpg 1024w, https:\/\/griegc.com\/wp-content\/uploads\/2023\/04\/T7-300x167.jpg 300w, https:\/\/griegc.com\/wp-content\/uploads\/2023\/04\/T7-768x427.jpg 768w, https:\/\/griegc.com\/wp-content\/uploads\/2023\/04\/T7-1536x854.jpg 1536w, https:\/\/griegc.com\/wp-content\/uploads\/2023\/04\/T7-700x389.jpg 700w, https:\/\/griegc.com\/wp-content\/uploads\/2023\/04\/T7.jpg 1894w\" sizes=\"auto, (max-width: 1024px) 100vw, 1024px\" \/><figcaption class=\"wp-element-caption\">Unitat de Renaults FT-17<\/figcaption><\/figure><\/div>\n\n<div class=\"wp-block-image\">\n<figure class=\"aligncenter size-large\"><img loading=\"lazy\" decoding=\"async\" width=\"1024\" height=\"722\" src=\"http:\/\/griegc.com\/wp-content\/uploads\/2023\/04\/T2-1024x722.jpg\" alt=\"\" class=\"wp-image-6645\" srcset=\"https:\/\/griegc.com\/wp-content\/uploads\/2023\/04\/T2-1024x722.jpg 1024w, https:\/\/griegc.com\/wp-content\/uploads\/2023\/04\/T2-300x212.jpg 300w, https:\/\/griegc.com\/wp-content\/uploads\/2023\/04\/T2-768x542.jpg 768w, https:\/\/griegc.com\/wp-content\/uploads\/2023\/04\/T2-700x494.jpg 700w, https:\/\/griegc.com\/wp-content\/uploads\/2023\/04\/T2.jpg 1063w\" sizes=\"auto, (max-width: 1024px) 100vw, 1024px\" \/><figcaption class=\"wp-element-caption\">T-26<\/figcaption><\/figure><\/div>\n\n\n<p><strong>Personal<\/strong><\/p>\n\n\n\n<p>Com que el personal estranger no n&#8217;hi havia prou per a les noves organitzacions de les seccions de tancs, els republicans es van veure obligats a refor\u00e7ar el personal dedicat a la secci\u00f3 de tancs amb nous joves reclutes que van haver de ser instru\u00efts superficialment, fins al punt que segons un testimoni , el per\u00edode d&#8217;instrucci\u00f3 nom\u00e9s durava dues setmanes i estava limitat a aprendre el maneig del tanc. Aquest fet encara que veritable, no havia de ser generalitzat, ja que nom\u00e9s es referia als reclutes espanyols que en general, no ocupaven al tanc m\u00e9s que el lloc de servents del can\u00f3 o metralladora, Pel que fa a l&#8217;ocupaci\u00f3 dels russos , i aix\u00f2 no nom\u00e9s es referia a la secci\u00f3 de tancs sin\u00f3 tamb\u00e9 a les altres especialitats, havia passat que aquest personal havia estat substitu\u00eft gradualment pels espanyols sobretot en els llocs exercits per individus de tropa. D&#8217;altra banda, encara quedaven alguns oficials. El personal de tancs estranger era en general, segons l&#8217;informe, era txecoslovac, polon\u00e8s, serbi, b\u00falgar i algun altre d&#8217;una altra nacionalitat. El personal de tancs rus era en general emprat com a instructor a Archena i dif\u00edcilment, o en circumst\u00e0ncies dif\u00edcils eren enviats al capdavant. No existien unitats de tancs exclusivament russes.<\/p>\n\n\n<div class=\"wp-block-image\">\n<figure class=\"aligncenter size-full\"><img loading=\"lazy\" decoding=\"async\" width=\"944\" height=\"617\" src=\"http:\/\/griegc.com\/wp-content\/uploads\/2023\/04\/T3.jpg\" alt=\"\" class=\"wp-image-6646\" srcset=\"https:\/\/griegc.com\/wp-content\/uploads\/2023\/04\/T3.jpg 944w, https:\/\/griegc.com\/wp-content\/uploads\/2023\/04\/T3-300x196.jpg 300w, https:\/\/griegc.com\/wp-content\/uploads\/2023\/04\/T3-768x502.jpg 768w, https:\/\/griegc.com\/wp-content\/uploads\/2023\/04\/T3-400x260.jpg 400w, https:\/\/griegc.com\/wp-content\/uploads\/2023\/04\/T3-700x458.jpg 700w\" sizes=\"auto, (max-width: 944px) 100vw, 944px\" \/><figcaption class=\"wp-element-caption\">Tanquista<\/figcaption><\/figure><\/div>\n\n<div class=\"wp-block-image\">\n<figure class=\"aligncenter size-full\"><img loading=\"lazy\" decoding=\"async\" width=\"927\" height=\"619\" src=\"http:\/\/griegc.com\/wp-content\/uploads\/2023\/04\/T4.jpg\" alt=\"\" class=\"wp-image-6647\" srcset=\"https:\/\/griegc.com\/wp-content\/uploads\/2023\/04\/T4.jpg 927w, https:\/\/griegc.com\/wp-content\/uploads\/2023\/04\/T4-300x200.jpg 300w, https:\/\/griegc.com\/wp-content\/uploads\/2023\/04\/T4-768x513.jpg 768w, https:\/\/griegc.com\/wp-content\/uploads\/2023\/04\/T4-700x467.jpg 700w\" sizes=\"auto, (max-width: 927px) 100vw, 927px\" \/><figcaption class=\"wp-element-caption\">Personal tanquista<\/figcaption><\/figure><\/div>\n\n\n<p><strong>Impressi\u00f3 general<\/strong><\/p>\n\n\n\n<p>Al camp de batalla espanyol no obstant l&#8217;activa col\u00b7laboraci\u00f3 amb la infanteria i altres armes, els antics tancs russos havien actuat en diverses batalles com a factor determinant. No obstant aix\u00f2, s&#8217;havia de fer notar que mancaven de tot factor favorable a l&#8217;atac, i d&#8217;altra banda, no tenia defenses reals contra tancs tals com barricades, mines, fosses, etc. Es podia pensar i deduir l\u00f2gicament que en el cas de fer funcionar b\u00e9 la defensa antitanc com en el cas del 13 d&#8217;octubre a Fuentes de Ebro en qu\u00e8 van perdre 19 tancs, les p\u00e8rdues de material rus haguessin estat francament superiors. Les dues terceres parts dels carros caiguts a les nostres mans van ser posats fora de combat davant les nostres l\u00ednies degut nom\u00e9s a defici\u00e8ncies t\u00e8cniques b\u00e9 sigui de la conducci\u00f3 o b\u00e9 de l&#8217;estat del material.<\/p>\n\n\n<div class=\"wp-block-image\">\n<figure class=\"aligncenter size-full\"><img loading=\"lazy\" decoding=\"async\" width=\"993\" height=\"692\" src=\"http:\/\/griegc.com\/wp-content\/uploads\/2023\/04\/T9.jpg\" alt=\"\" class=\"wp-image-6652\" srcset=\"https:\/\/griegc.com\/wp-content\/uploads\/2023\/04\/T9.jpg 993w, https:\/\/griegc.com\/wp-content\/uploads\/2023\/04\/T9-300x209.jpg 300w, https:\/\/griegc.com\/wp-content\/uploads\/2023\/04\/T9-768x535.jpg 768w, https:\/\/griegc.com\/wp-content\/uploads\/2023\/04\/T9-700x488.jpg 700w\" sizes=\"auto, (max-width: 993px) 100vw, 993px\" \/><figcaption class=\"wp-element-caption\">Un BT fora de servei despr\u00e9s dels combats de Fuentes de Ebro d&#8217;octubre de 1937<\/figcaption><\/figure><\/div>\n\n\n<p class=\"has-text-align-center\">(Totes les imatges procedeixen de la Biblioteca Nacional de Espa\u00f1a)<\/p>\n","protected":false},"excerpt":{"rendered":"<p>Segons un informe de proced\u00e8ncia alemanya, ens podem aventurar a saber una mica m\u00e9s sobre l&#8217;organitzaci\u00f3 de les unitats blindades republicanes, i m\u00e9s en concret sobre els seus tancs i organitzaci\u00f3 dels mateixos. L&#8217;informe, datat el febrer de 1938, s&#8217;inicia dient que des de la&#8230;<\/p>\n","protected":false},"author":1,"featured_media":6649,"comment_status":"open","ping_status":"open","sticky":false,"template":"","format":"standard","meta":{"_jetpack_memberships_contains_paid_content":false,"footnotes":""},"categories":[444,265,388,49,60,264],"tags":[54],"class_list":["post-6661","post","type-post","status-publish","format-standard","has-post-thumbnail","hentry","category-armament-2","category-blindados","category-ejercito-popular-de-la-republica","category-guerra-civil","category-guerra-civil-2","category-tanques","tag-guerra-civil"],"jetpack_featured_media_url":"https:\/\/griegc.com\/wp-content\/uploads\/2023\/04\/T6.jpg","jetpack_sharing_enabled":true,"_links":{"self":[{"href":"https:\/\/griegc.com\/ca\/wp-json\/wp\/v2\/posts\/6661","targetHints":{"allow":["GET"]}}],"collection":[{"href":"https:\/\/griegc.com\/ca\/wp-json\/wp\/v2\/posts"}],"about":[{"href":"https:\/\/griegc.com\/ca\/wp-json\/wp\/v2\/types\/post"}],"author":[{"embeddable":true,"href":"https:\/\/griegc.com\/ca\/wp-json\/wp\/v2\/users\/1"}],"replies":[{"embeddable":true,"href":"https:\/\/griegc.com\/ca\/wp-json\/wp\/v2\/comments?post=6661"}],"version-history":[{"count":2,"href":"https:\/\/griegc.com\/ca\/wp-json\/wp\/v2\/posts\/6661\/revisions"}],"predecessor-version":[{"id":6664,"href":"https:\/\/griegc.com\/ca\/wp-json\/wp\/v2\/posts\/6661\/revisions\/6664"}],"wp:featuredmedia":[{"embeddable":true,"href":"https:\/\/griegc.com\/ca\/wp-json\/wp\/v2\/media\/6649"}],"wp:attachment":[{"href":"https:\/\/griegc.com\/ca\/wp-json\/wp\/v2\/media?parent=6661"}],"wp:term":[{"taxonomy":"category","embeddable":true,"href":"https:\/\/griegc.com\/ca\/wp-json\/wp\/v2\/categories?post=6661"},{"taxonomy":"post_tag","embeddable":true,"href":"https:\/\/griegc.com\/ca\/wp-json\/wp\/v2\/tags?post=6661"}],"curies":[{"name":"wp","href":"https:\/\/api.w.org\/{rel}","templated":true}]}}