{"id":6678,"date":"2023-04-01T17:00:00","date_gmt":"2023-04-01T17:00:00","guid":{"rendered":"http:\/\/griegc.com\/ca\/?p=6678"},"modified":"2023-04-28T16:16:08","modified_gmt":"2023-04-28T16:16:08","slug":"itineraris-de-la-guerra-civil-al-maresme","status":"publish","type":"post","link":"https:\/\/griegc.com\/ca\/2023\/04\/01\/itineraris-de-la-guerra-civil-al-maresme\/","title":{"rendered":"Itineraris de la Guerra Civil al Maresme"},"content":{"rendered":"\n<p>La comarca del Maresme va tenir un paper for\u00e7a desconegut i al mateix temps molt interessant durant la Guerra Civil. Tot i que no va esdevenir front de combat fins els \u00faltims dies de gener de 1939, els diferents municipis de la comarca van viure el conflicte d\u2019una manera intensa.<\/p>\n\n\n\n<p>Precisament per recuperar la mem\u00f2ria del paper que van tenir els diversos municipis de la comarca, s\u2019han creat tres itineraris que ajuden a comprendre com va ser la Guerra Civil al Maresme. Impulsat pel Consell Comarcal del Maresme i ideat per GRIEGC des de finals de 2017, hem treballat en els continguts i el disseny de les 41 senyals que conformen els tres itineraris repartits per 10 municipis de la comarca del Maresme.<\/p>\n\n\n\n<p>Els tres itineraris son:<\/p>\n\n\n\n<ul class=\"wp-block-list\">\n<li>Itinerari de Defensa de Costes<\/li>\n\n\n\n<li>Itinerari de Rereguarda i Front<\/li>\n\n\n\n<li>Itinerari de les Ambaixades<\/li>\n<\/ul>\n\n\n\n<ul class=\"wp-block-list\">\n<li><strong>Itinerari de Defensa de Costes:<\/strong><\/li>\n<\/ul>\n\n\n\n<p>Un d\u2019aquests itineraris implica les poblacions costaneres de la comarca, que van jugar un paper cabdal en la defensa del territori. Al llarg de tot el litoral, des de Montgat fins a Malgrat de Mar, es van construir un gran nombre de posicions defensives a primera l\u00ednia amb l\u2019objectiu de defensar la costa davant de qualsevol amena\u00e7a de desembarcament de tropes franquistes o atacs navals. Aquesta defensa es va basar especialment en empla\u00e7aments d\u2019artilleria i multitud de nius de metralladores disseminats per tot el litoral que, avui dia, en bona part encara es poden apreciar.<\/p>\n\n\n\n<ul class=\"wp-block-list\">\n<li>Malgrat de Mar<\/li>\n<\/ul>\n\n\n\n<figure class=\"wp-block-table\"><table><tbody><tr><td>Monument als Brigadistes<\/td><\/tr><tr><td>Bateria de costa del Parc del Castell<\/td><\/tr><\/tbody><\/table><\/figure>\n\n\n\n<ul class=\"wp-block-list\">\n<li>Santa Susanna<\/li>\n<\/ul>\n\n\n\n<figure class=\"wp-block-table\"><table><tbody><tr><td>Niu de metralladores de la Platja de les Dunes<\/td><\/tr><\/tbody><\/table><\/figure>\n\n\n\n<ul class=\"wp-block-list\">\n<li>Matar\u00f3<\/li>\n<\/ul>\n\n\n\n<figure class=\"wp-block-table\"><table><tbody><tr><td>Niu de la platja de Sant Sim\u00f3<\/td><\/tr><\/tbody><\/table><\/figure>\n\n\n\n<ul class=\"wp-block-list\">\n<li>Vilassar de Mar<\/li>\n<\/ul>\n\n\n\n<figure class=\"wp-block-table\"><table><tbody><tr><td>Niu de metralladores de la Mar Xica<\/td><\/tr><\/tbody><\/table><\/figure>\n\n\n\n<ul class=\"wp-block-list\">\n<li>El Masnou<\/li>\n<\/ul>\n\n\n\n<figure class=\"wp-block-table\"><table><tbody><tr><td>Niu de metralladores de la platja d\u2019Ocata I<\/td><\/tr><tr><td>Niu de metralladores de la platja d\u2019Ocata II<\/td><\/tr><tr><td>Niu de metralladores de la platja d\u2019Ocata III<\/td><\/tr><tr><td>Niu de metralladores de la platja del Masnou<\/td><\/tr><tr><td>Niu de metralladores de Ca l\u2019Antic<\/td><\/tr><\/tbody><\/table><\/figure>\n\n\n<div class=\"wp-block-image\">\n<figure class=\"aligncenter size-large\"><img loading=\"lazy\" decoding=\"async\" width=\"1024\" height=\"769\" src=\"http:\/\/griegc.com\/wp-content\/uploads\/2023\/04\/IMG_20230323_114812-1024x769.jpg\" alt=\"\" class=\"wp-image-6672\" srcset=\"https:\/\/griegc.com\/wp-content\/uploads\/2023\/04\/IMG_20230323_114812-1024x769.jpg 1024w, https:\/\/griegc.com\/wp-content\/uploads\/2023\/04\/IMG_20230323_114812-300x225.jpg 300w, https:\/\/griegc.com\/wp-content\/uploads\/2023\/04\/IMG_20230323_114812-768x577.jpg 768w, https:\/\/griegc.com\/wp-content\/uploads\/2023\/04\/IMG_20230323_114812-800x600.jpg 800w, https:\/\/griegc.com\/wp-content\/uploads\/2023\/04\/IMG_20230323_114812-700x526.jpg 700w, https:\/\/griegc.com\/wp-content\/uploads\/2023\/04\/IMG_20230323_114812.jpg 1438w\" sizes=\"auto, (max-width: 1024px) 100vw, 1024px\" \/><figcaption class=\"wp-element-caption\">Niu de metralladores i senyal de la Platja de les Dunes de Santa Susanna<\/figcaption><\/figure><\/div>\n\n<div class=\"wp-block-image\">\n<figure class=\"aligncenter size-large\"><img loading=\"lazy\" decoding=\"async\" width=\"1024\" height=\"769\" src=\"http:\/\/griegc.com\/wp-content\/uploads\/2023\/04\/IMG_20230317_150825-1024x769.jpg\" alt=\"\" class=\"wp-image-6668\" srcset=\"https:\/\/griegc.com\/wp-content\/uploads\/2023\/04\/IMG_20230317_150825-1024x769.jpg 1024w, https:\/\/griegc.com\/wp-content\/uploads\/2023\/04\/IMG_20230317_150825-300x225.jpg 300w, https:\/\/griegc.com\/wp-content\/uploads\/2023\/04\/IMG_20230317_150825-768x577.jpg 768w, https:\/\/griegc.com\/wp-content\/uploads\/2023\/04\/IMG_20230317_150825-800x600.jpg 800w, https:\/\/griegc.com\/wp-content\/uploads\/2023\/04\/IMG_20230317_150825-700x526.jpg 700w, https:\/\/griegc.com\/wp-content\/uploads\/2023\/04\/IMG_20230317_150825.jpg 1438w\" sizes=\"auto, (max-width: 1024px) 100vw, 1024px\" \/><figcaption class=\"wp-element-caption\">Senyal dels nius de metralladores de la platja de Sant Sim\u00f3<\/figcaption><\/figure><\/div>\n\n<div class=\"wp-block-image\">\n<figure class=\"aligncenter size-large\"><img loading=\"lazy\" decoding=\"async\" width=\"1024\" height=\"769\" src=\"http:\/\/griegc.com\/wp-content\/uploads\/2023\/04\/IMG_20230317_174220-1024x769.jpg\" alt=\"\" class=\"wp-image-6669\" srcset=\"https:\/\/griegc.com\/wp-content\/uploads\/2023\/04\/IMG_20230317_174220-1024x769.jpg 1024w, https:\/\/griegc.com\/wp-content\/uploads\/2023\/04\/IMG_20230317_174220-300x225.jpg 300w, https:\/\/griegc.com\/wp-content\/uploads\/2023\/04\/IMG_20230317_174220-768x577.jpg 768w, https:\/\/griegc.com\/wp-content\/uploads\/2023\/04\/IMG_20230317_174220-800x600.jpg 800w, https:\/\/griegc.com\/wp-content\/uploads\/2023\/04\/IMG_20230317_174220-700x526.jpg 700w, https:\/\/griegc.com\/wp-content\/uploads\/2023\/04\/IMG_20230317_174220.jpg 1438w\" sizes=\"auto, (max-width: 1024px) 100vw, 1024px\" \/><figcaption class=\"wp-element-caption\">Senyal del niu de metralladores de la platja d&#8217;Ocata I a El Masnou<\/figcaption><\/figure><\/div>\n\n<div class=\"wp-block-image\">\n<figure class=\"aligncenter size-large\"><img loading=\"lazy\" decoding=\"async\" width=\"1024\" height=\"769\" src=\"http:\/\/griegc.com\/wp-content\/uploads\/2023\/04\/IMG_20230317_183129-1024x769.jpg\" alt=\"\" class=\"wp-image-6670\" srcset=\"https:\/\/griegc.com\/wp-content\/uploads\/2023\/04\/IMG_20230317_183129-1024x769.jpg 1024w, https:\/\/griegc.com\/wp-content\/uploads\/2023\/04\/IMG_20230317_183129-300x225.jpg 300w, https:\/\/griegc.com\/wp-content\/uploads\/2023\/04\/IMG_20230317_183129-768x577.jpg 768w, https:\/\/griegc.com\/wp-content\/uploads\/2023\/04\/IMG_20230317_183129-800x600.jpg 800w, https:\/\/griegc.com\/wp-content\/uploads\/2023\/04\/IMG_20230317_183129-700x526.jpg 700w, https:\/\/griegc.com\/wp-content\/uploads\/2023\/04\/IMG_20230317_183129.jpg 1438w\" sizes=\"auto, (max-width: 1024px) 100vw, 1024px\" \/><figcaption class=\"wp-element-caption\">Senyal i niu de metralladores de Ca l&#8217;Antic a El Masnou<\/figcaption><\/figure><\/div>\n\n\n<p><strong>Itinerari Rereguarda i Front:<\/strong><\/p>\n\n\n\n<p>Un altre itinerari tamb\u00e9 important pret\u00e9n donar a con\u00e8ixer com aquests municipis de la comarca, situats a la rereguarda republicana, van haver de fer front a les diverses dificultats de la guerra. Des de l\u2019inici del conflicte, la confiscaci\u00f3 d\u2019edificis i la seva reconversi\u00f3 en altres usos, la necessitat de canvi de producci\u00f3 de les ind\u00fastries a una ind\u00fastria de guerra o la creaci\u00f3 d\u2019hospitals per tal de poder atendre els soldats ferits, van ser algunes de les necessitats originades. Per\u00f2 tamb\u00e9 d\u2019altres, com ara donar aixopluc al gran nombre de refugiats que van ser acollits en diferents municipis del Maresme, o la construcci\u00f3 de refugis antiaeris per protegir a la pr\u00f2pia poblaci\u00f3 civil davant dels temibles bombardeigs.<\/p>\n\n\n\n<ul class=\"wp-block-list\">\n<li>Malgrat de Mar<\/li>\n<\/ul>\n\n\n\n<figure class=\"wp-block-table\"><table><tbody><tr><td>Torre de l\u2019Esquena &#8211; Seu del Comit\u00e8 de Guerra<\/td><\/tr><tr><td>Seminari dels Maristes &#8211; Seu del Comit\u00e8 Antifeixista<\/td><\/tr><tr><td>Escola Vedruna &#8211; Seu de la CNT i per a refugiats<\/td><\/tr><\/tbody><\/table><\/figure>\n\n\n\n<ul class=\"wp-block-list\">\n<li>Calella<\/li>\n<\/ul>\n\n\n\n<figure class=\"wp-block-table\"><table><tbody><tr><td>Escola Pia &#8211; Caserna de Mil\u00edcies del Maresme<\/td><\/tr><tr><td>F\u00e0brica Llobet<\/td><\/tr><\/tbody><\/table><\/figure>\n\n\n\n<ul class=\"wp-block-list\">\n<li>Sant Vicen\u00e7 de Montalt<\/li>\n<\/ul>\n\n\n\n<figure class=\"wp-block-table\"><table><tbody><tr><td>Esgl\u00e9sia &#8211; Projectil itali\u00e0<\/td><\/tr><\/tbody><\/table><\/figure>\n\n\n\n<ul class=\"wp-block-list\">\n<li>Matar\u00f3<\/li>\n<\/ul>\n\n\n\n<figure class=\"wp-block-table\"><table><tbody><tr><td>Caserna Artilleria &#8211; Seu del Consell Comarcal del Maresme<\/td><\/tr><tr><td>Can Marf\u00e0 &#8211; Ind\u00fastria de Guerra<\/td><\/tr><tr><td>Hospital de les Brigades Internacionals &#8211; Escola dels Salesians<\/td><\/tr><tr><td>Pres\u00f3 de Matar\u00f3 &#8211; Centre correccional<\/td><\/tr><tr><td>Seu CNT, escoles i llocs per a refugiats &#8211; Escola Pia<\/td><\/tr><tr><td>Magatzem de queviures i Mercat &#8211; Bas\u00edlica<\/td><\/tr><\/tbody><\/table><\/figure>\n\n\n\n<ul class=\"wp-block-list\">\n<li>Argentona<\/li>\n<\/ul>\n\n\n\n<figure class=\"wp-block-table\"><table><tbody><tr><td>Can Gar\u00ed &#8211; Col\u00f2nia Espartaco<\/td><\/tr><\/tbody><\/table><\/figure>\n\n\n\n<ul class=\"wp-block-list\">\n<li>Premi\u00e0 de Dalt<\/li>\n<\/ul>\n\n\n\n<figure class=\"wp-block-table\"><table><tbody><tr><td>Col\u00f2nia infantil Negr\u00edn Las Acacias<\/td><\/tr><\/tbody><\/table><\/figure>\n\n\n\n<ul class=\"wp-block-list\">\n<li>El Masnou<\/li>\n<\/ul>\n\n\n\n<figure class=\"wp-block-table\"><table><tbody><tr><td>Refugi antiaeri de la Mina d\u2019Aigua<\/td><\/tr><\/tbody><\/table><\/figure>\n\n\n<div class=\"wp-block-image\">\n<figure class=\"aligncenter size-large\"><img loading=\"lazy\" decoding=\"async\" width=\"1024\" height=\"760\" src=\"http:\/\/griegc.com\/wp-content\/uploads\/2023\/04\/IMG_20230323_092758-1024x760.jpg\" alt=\"\" class=\"wp-image-6671\" srcset=\"https:\/\/griegc.com\/wp-content\/uploads\/2023\/04\/IMG_20230323_092758-1024x760.jpg 1024w, https:\/\/griegc.com\/wp-content\/uploads\/2023\/04\/IMG_20230323_092758-300x223.jpg 300w, https:\/\/griegc.com\/wp-content\/uploads\/2023\/04\/IMG_20230323_092758-768x570.jpg 768w, https:\/\/griegc.com\/wp-content\/uploads\/2023\/04\/IMG_20230323_092758-700x519.jpg 700w, https:\/\/griegc.com\/wp-content\/uploads\/2023\/04\/IMG_20230323_092758.jpg 1456w\" sizes=\"auto, (max-width: 1024px) 100vw, 1024px\" \/><figcaption class=\"wp-element-caption\">Senyal a la seu del Consell Comarcal del Maresme<\/figcaption><\/figure><\/div>\n\n<div class=\"wp-block-image\">\n<figure class=\"aligncenter size-large\"><img loading=\"lazy\" decoding=\"async\" width=\"1024\" height=\"769\" src=\"http:\/\/griegc.com\/wp-content\/uploads\/2023\/04\/IMG_20230317_132525-1024x769.jpg\" alt=\"\" class=\"wp-image-6666\" srcset=\"https:\/\/griegc.com\/wp-content\/uploads\/2023\/04\/IMG_20230317_132525-1024x769.jpg 1024w, https:\/\/griegc.com\/wp-content\/uploads\/2023\/04\/IMG_20230317_132525-300x225.jpg 300w, https:\/\/griegc.com\/wp-content\/uploads\/2023\/04\/IMG_20230317_132525-768x577.jpg 768w, https:\/\/griegc.com\/wp-content\/uploads\/2023\/04\/IMG_20230317_132525-800x600.jpg 800w, https:\/\/griegc.com\/wp-content\/uploads\/2023\/04\/IMG_20230317_132525-700x526.jpg 700w, https:\/\/griegc.com\/wp-content\/uploads\/2023\/04\/IMG_20230317_132525.jpg 1438w\" sizes=\"auto, (max-width: 1024px) 100vw, 1024px\" \/><figcaption class=\"wp-element-caption\">Senyal a l&#8217;Escola Pia de Matar\u00f3 <\/figcaption><\/figure><\/div>\n\n<div class=\"wp-block-image\">\n<figure class=\"aligncenter size-large\"><img loading=\"lazy\" decoding=\"async\" width=\"1024\" height=\"769\" src=\"http:\/\/griegc.com\/wp-content\/uploads\/2023\/04\/IMG_20230317_142609-1024x769.jpg\" alt=\"\" class=\"wp-image-6667\" srcset=\"https:\/\/griegc.com\/wp-content\/uploads\/2023\/04\/IMG_20230317_142609-1024x769.jpg 1024w, https:\/\/griegc.com\/wp-content\/uploads\/2023\/04\/IMG_20230317_142609-300x225.jpg 300w, https:\/\/griegc.com\/wp-content\/uploads\/2023\/04\/IMG_20230317_142609-768x577.jpg 768w, https:\/\/griegc.com\/wp-content\/uploads\/2023\/04\/IMG_20230317_142609-800x600.jpg 800w, https:\/\/griegc.com\/wp-content\/uploads\/2023\/04\/IMG_20230317_142609-700x526.jpg 700w, https:\/\/griegc.com\/wp-content\/uploads\/2023\/04\/IMG_20230317_142609.jpg 1438w\" sizes=\"auto, (max-width: 1024px) 100vw, 1024px\" \/><figcaption class=\"wp-element-caption\">Senyal davant dels colegis dels Salesians de Matar\u00f3<\/figcaption><\/figure><\/div>\n\n<div class=\"wp-block-image\">\n<figure class=\"aligncenter size-large\"><img loading=\"lazy\" decoding=\"async\" width=\"1024\" height=\"769\" src=\"http:\/\/griegc.com\/wp-content\/uploads\/2023\/04\/IMG_20230317_095127-1024x769.jpg\" alt=\"\" class=\"wp-image-6665\" srcset=\"https:\/\/griegc.com\/wp-content\/uploads\/2023\/04\/IMG_20230317_095127-1024x769.jpg 1024w, https:\/\/griegc.com\/wp-content\/uploads\/2023\/04\/IMG_20230317_095127-300x225.jpg 300w, https:\/\/griegc.com\/wp-content\/uploads\/2023\/04\/IMG_20230317_095127-768x577.jpg 768w, https:\/\/griegc.com\/wp-content\/uploads\/2023\/04\/IMG_20230317_095127-800x600.jpg 800w, https:\/\/griegc.com\/wp-content\/uploads\/2023\/04\/IMG_20230317_095127-700x526.jpg 700w, https:\/\/griegc.com\/wp-content\/uploads\/2023\/04\/IMG_20230317_095127.jpg 1438w\" sizes=\"auto, (max-width: 1024px) 100vw, 1024px\" \/><figcaption class=\"wp-element-caption\">Seminari dels Maristes de Malgrat de Mar<\/figcaption><\/figure><\/div>\n\n\n<ul class=\"wp-block-list\">\n<li><strong>Itinerari de les Ambaixades:<\/strong><\/li>\n<\/ul>\n\n\n\n<p>L\u2019\u00faltim dels itineraris \u00e9s el que dona una singularitat especial al Maresme durant la Guerra Civil, perqu\u00e8 no t\u00e9 lloc <a><\/a>a cap altre territori de Catalunya. I \u00e9s que principalment a partir dels fat\u00eddics bombardeigs del 16, 17 i 18 de mar\u00e7 de 1938 que va haver de patir la capital catalana i que va generar una gran quantitat de v\u00edctimes, les diferents delegacions diplom\u00e0tiques van decidir traslladar les seves ambaixades i consolats. Van trobar a algunes poblacions del Maresme, com Caldes d\u2019Estrac i Sant Vicen\u00e7 de Montalt per exemple, unes localitats tranquil\u00b7les i properes a Barcelona per establir-hi les seves delegacions. D\u2019aquesta manera, el Maresme es va convertir en una comarca internacional, amb ambaixades i consolats arrelats al territori.<\/p>\n\n\n\n<ul class=\"wp-block-list\">\n<li>Caldes d\u2019Estrac<\/li>\n<\/ul>\n\n\n\n<figure class=\"wp-block-table\"><table><tbody><tr><td>Can Bastos \u2013 Lloc de resid\u00e8ncia del c\u00f2nsol franc\u00e8s<\/td><\/tr><tr><td>Can Boada \u2013 Ambaixada de Costa Rica<\/td><\/tr><tr><td>Can Carol \u2013 Forces d\u2019Assalt<\/td><\/tr><tr><td>Can&nbsp; Marcelino Coll \u2013 Consolat Franc\u00e8s<\/td><\/tr><tr><td>Can Merc\u00e8 i Garriga \u2013 Consolat Brit\u00e0nic<\/td><\/tr><tr><td>Can Nadal i Garriga\u2013 Comit\u00e8 Republic\u00e0<\/td><\/tr><tr><td>Can Soler \u2013 Ambaixada Brit\u00e0nica<\/td><\/tr><tr><td>Casa de Fusta \u2013 Ambaixada dels Neerlandesa<\/td><\/tr><tr><td>Can Puig Marcet \u2013 Ambaixada de Bulg\u00e0ria<\/td><\/tr><tr><td>Can Miracle \u2013 Ambaixada Argentina<\/td><\/tr><tr><td>Torre Seldwyla- C\u00f2nsol honorari de Su\u00efssa<\/td><\/tr><tr><td>Caldescans &#8211; Consolat de Dinamarca<\/td><\/tr><\/tbody><\/table><\/figure>\n\n\n\n<ul class=\"wp-block-list\">\n<li>Sant Vicen\u00e7 de Montalt<\/li>\n<\/ul>\n\n\n\n<figure class=\"wp-block-table\"><table><tbody><tr><td>Villa Blanca &#8211; Ambaixada de M\u00e8xic i resid\u00e8ncia d\u2019Aza\u00f1a<\/td><\/tr><tr><td>Can Valls \u2013 Ambaixada Fran\u00e7a (Parc del germans Gabrielistes);<\/td><\/tr><tr><td>Can Pellicer \u2013 Ambaixada Su\u00e8cia<\/td><\/tr><tr><td>Can Badia \u2013 Ambaixada Su\u00efssa<\/td><\/tr><\/tbody><\/table><\/figure>\n\n\n\n<figure class=\"wp-block-image size-large\"><img loading=\"lazy\" decoding=\"async\" width=\"1024\" height=\"769\" src=\"http:\/\/griegc.com\/wp-content\/uploads\/2023\/04\/IMG_20230323_132108-1024x769.jpg\" alt=\"\" class=\"wp-image-6673\" srcset=\"https:\/\/griegc.com\/wp-content\/uploads\/2023\/04\/IMG_20230323_132108-1024x769.jpg 1024w, https:\/\/griegc.com\/wp-content\/uploads\/2023\/04\/IMG_20230323_132108-300x225.jpg 300w, https:\/\/griegc.com\/wp-content\/uploads\/2023\/04\/IMG_20230323_132108-768x577.jpg 768w, https:\/\/griegc.com\/wp-content\/uploads\/2023\/04\/IMG_20230323_132108-800x600.jpg 800w, https:\/\/griegc.com\/wp-content\/uploads\/2023\/04\/IMG_20230323_132108-700x526.jpg 700w, https:\/\/griegc.com\/wp-content\/uploads\/2023\/04\/IMG_20230323_132108.jpg 1438w\" sizes=\"auto, (max-width: 1024px) 100vw, 1024px\" \/><figcaption class=\"wp-element-caption\">Can Bastos, lloc de resid\u00e8ncia del c\u00f2nsol franc\u00e9s (Caldes d&#8217;Estrac)<\/figcaption><\/figure>\n\n\n\n<figure class=\"wp-block-image size-large\"><img loading=\"lazy\" decoding=\"async\" width=\"1024\" height=\"760\" src=\"http:\/\/griegc.com\/wp-content\/uploads\/2023\/04\/IMG_20230323_133115-1024x760.jpg\" alt=\"\" class=\"wp-image-6674\" srcset=\"https:\/\/griegc.com\/wp-content\/uploads\/2023\/04\/IMG_20230323_133115-1024x760.jpg 1024w, https:\/\/griegc.com\/wp-content\/uploads\/2023\/04\/IMG_20230323_133115-300x223.jpg 300w, https:\/\/griegc.com\/wp-content\/uploads\/2023\/04\/IMG_20230323_133115-768x570.jpg 768w, https:\/\/griegc.com\/wp-content\/uploads\/2023\/04\/IMG_20230323_133115-700x519.jpg 700w, https:\/\/griegc.com\/wp-content\/uploads\/2023\/04\/IMG_20230323_133115.jpg 1456w\" sizes=\"auto, (max-width: 1024px) 100vw, 1024px\" \/><figcaption class=\"wp-element-caption\">Can Boada, ambaixada de Costa Rica (Caldes d&#8217;Estrac)<\/figcaption><\/figure>\n\n\n\n<figure class=\"wp-block-image size-large\"><img loading=\"lazy\" decoding=\"async\" width=\"1024\" height=\"760\" src=\"http:\/\/griegc.com\/wp-content\/uploads\/2023\/04\/IMG_20230323_144915-1024x760.jpg\" alt=\"\" class=\"wp-image-6675\" srcset=\"https:\/\/griegc.com\/wp-content\/uploads\/2023\/04\/IMG_20230323_144915-1024x760.jpg 1024w, https:\/\/griegc.com\/wp-content\/uploads\/2023\/04\/IMG_20230323_144915-300x223.jpg 300w, https:\/\/griegc.com\/wp-content\/uploads\/2023\/04\/IMG_20230323_144915-768x570.jpg 768w, https:\/\/griegc.com\/wp-content\/uploads\/2023\/04\/IMG_20230323_144915-700x519.jpg 700w, https:\/\/griegc.com\/wp-content\/uploads\/2023\/04\/IMG_20230323_144915.jpg 1456w\" sizes=\"auto, (max-width: 1024px) 100vw, 1024px\" \/><figcaption class=\"wp-element-caption\">Can Pellicer, ambaixada de Su\u00e8cia (Sant Vicen\u00e7 de Montalt)<\/figcaption><\/figure>\n\n\n\n<figure class=\"wp-block-image size-large\"><img loading=\"lazy\" decoding=\"async\" width=\"1024\" height=\"769\" src=\"http:\/\/griegc.com\/wp-content\/uploads\/2023\/04\/IMG_20230323_152040-1024x769.jpg\" alt=\"\" class=\"wp-image-6676\" srcset=\"https:\/\/griegc.com\/wp-content\/uploads\/2023\/04\/IMG_20230323_152040-1024x769.jpg 1024w, https:\/\/griegc.com\/wp-content\/uploads\/2023\/04\/IMG_20230323_152040-300x225.jpg 300w, https:\/\/griegc.com\/wp-content\/uploads\/2023\/04\/IMG_20230323_152040-768x577.jpg 768w, https:\/\/griegc.com\/wp-content\/uploads\/2023\/04\/IMG_20230323_152040-800x600.jpg 800w, https:\/\/griegc.com\/wp-content\/uploads\/2023\/04\/IMG_20230323_152040-700x526.jpg 700w, https:\/\/griegc.com\/wp-content\/uploads\/2023\/04\/IMG_20230323_152040.jpg 1438w\" sizes=\"auto, (max-width: 1024px) 100vw, 1024px\" \/><figcaption class=\"wp-element-caption\">Villa Blanca, ambaixada de M\u00e8xic i resid\u00e8ncia d&#8217;Aza\u00f1a (Sant Vicen\u00e7 de Montalt)<\/figcaption><\/figure>\n\n\n\n<p>El valor hist\u00f2ric d\u2019aquests tres itineraris queda totalment justificat per la gran quantitat de vestigis materials que van tenir el seu paper durant la Guerra Civil, i que encara es conserven arreu de la comarca. Amb aquesta feina, simplement es pret\u00e9n recuperar de l\u2019oblit tots aquests llocs i que esdevinguin una eina de mem\u00f2ria col\u00b7lectiva per a futures generacions.<\/p>\n","protected":false},"excerpt":{"rendered":"<p>La comarca del Maresme va tenir un paper for\u00e7a desconegut i al mateix temps molt interessant durant la Guerra Civil. Tot i que no va esdevenir front de combat fins els \u00faltims dies de gener de 1939, els diferents municipis de la comarca van viure&#8230;<\/p>\n","protected":false},"author":1,"featured_media":6677,"comment_status":"open","ping_status":"open","sticky":false,"template":"","format":"standard","meta":{"_jetpack_memberships_contains_paid_content":false,"footnotes":""},"categories":[330,410,411,412,124,407,388,60,49],"tags":[535,308,448,538,54,246,537],"class_list":["post-6678","post","type-post","status-publish","format-standard","has-post-thumbnail","hentry","category-barcelona","category-bombardeigs-2","category-brigades-internacionals-2","category-catalunya-2","category-ciudad-de-barcelona","category-defensa-de-costes-2","category-ejercito-popular-de-la-republica","category-guerra-civil-2","category-guerra-civil","tag-ambaixades","tag-catalunya-2","tag-defensa-de-costes-2","tag-front","tag-guerra-civil","tag-mataro","tag-rereguarda"],"jetpack_featured_media_url":"https:\/\/griegc.com\/wp-content\/uploads\/2023\/04\/IMG_20230324_152145.jpg","jetpack_sharing_enabled":true,"_links":{"self":[{"href":"https:\/\/griegc.com\/ca\/wp-json\/wp\/v2\/posts\/6678","targetHints":{"allow":["GET"]}}],"collection":[{"href":"https:\/\/griegc.com\/ca\/wp-json\/wp\/v2\/posts"}],"about":[{"href":"https:\/\/griegc.com\/ca\/wp-json\/wp\/v2\/types\/post"}],"author":[{"embeddable":true,"href":"https:\/\/griegc.com\/ca\/wp-json\/wp\/v2\/users\/1"}],"replies":[{"embeddable":true,"href":"https:\/\/griegc.com\/ca\/wp-json\/wp\/v2\/comments?post=6678"}],"version-history":[{"count":2,"href":"https:\/\/griegc.com\/ca\/wp-json\/wp\/v2\/posts\/6678\/revisions"}],"predecessor-version":[{"id":6680,"href":"https:\/\/griegc.com\/ca\/wp-json\/wp\/v2\/posts\/6678\/revisions\/6680"}],"wp:featuredmedia":[{"embeddable":true,"href":"https:\/\/griegc.com\/ca\/wp-json\/wp\/v2\/media\/6677"}],"wp:attachment":[{"href":"https:\/\/griegc.com\/ca\/wp-json\/wp\/v2\/media?parent=6678"}],"wp:term":[{"taxonomy":"category","embeddable":true,"href":"https:\/\/griegc.com\/ca\/wp-json\/wp\/v2\/categories?post=6678"},{"taxonomy":"post_tag","embeddable":true,"href":"https:\/\/griegc.com\/ca\/wp-json\/wp\/v2\/tags?post=6678"}],"curies":[{"name":"wp","href":"https:\/\/api.w.org\/{rel}","templated":true}]}}