{"id":9954,"date":"2023-05-01T17:00:40","date_gmt":"2023-05-01T17:00:40","guid":{"rendered":"http:\/\/griegc.com\/2023\/05\/01\/editorial-griegc-y-publicacion-coleccion-las-brigadas-mixtas-del-ejercito-popular-de-la-republica-vol-i-1-25-brigada-mixta\/"},"modified":"2023-05-04T21:52:50","modified_gmt":"2023-05-04T21:52:50","slug":"editorial-griegc-y-publicacion-coleccion-las-brigadas-mixtas-del-ejercito-popular-de-la-republica-vol-i-1-25-brigada-mixta","status":"publish","type":"post","link":"https:\/\/griegc.com\/ca\/2023\/05\/01\/editorial-griegc-y-publicacion-coleccion-las-brigadas-mixtas-del-ejercito-popular-de-la-republica-vol-i-1-25-brigada-mixta\/","title":{"rendered":"Editorial GRIEGC i publicaci\u00f3 col\u00b7lecci\u00f3 Las Brigadas Mixtas del Ej\u00e9rcito Popular de la Rep\u00fablica. Vol. I (1-25 Brigada Mixta)"},"content":{"rendered":"<p><span class=\"HwtZe\" lang=\"ca\"><span class=\"jCAhz ChMk0b\"><span class=\"ryNqvb\">Despr\u00e9s d&#8217;uns anys plantejant-ho, finalment hem decidit obrir la nostra pr\u00f2pia l\u00ednia editorial de GRIEGC.<\/span><\/span> <span class=\"jCAhz ChMk0b\"><span class=\"ryNqvb\">Portem molts anys de recerca, de treballs sobre el terreny, d&#8217;acumular material hist\u00f2ric, que ha arribat el moment que es pugui publicar.<\/span><\/span> <span class=\"jCAhz ChMk0b\"><span class=\"ryNqvb\">Per aix\u00f2 mateix, hem establert aquesta nova editorial amb segell GRIEGC, seguint amb el mateix nom que a poc a poc cada cop \u00e9s m\u00e9s conegut.<\/span><\/span> <\/span><\/p>\n<p><span class=\"HwtZe\" lang=\"ca\"><span class=\"jCAhz ChMk0b\"><span class=\"ryNqvb\">Sabem que la tasca no \u00e9s f\u00e0cil, per\u00f2 volem caracteritzar les nostres publicacions en el rigor i la professionalitat que sempre hem demostrat en els nostres treballs.<\/span><\/span> <span class=\"jCAhz ChMk0b\"><span class=\"ryNqvb\">La idea \u00e9s publicar estudis relacionats exclusivament amb la Guerra Civil, per\u00f2 en aspectes molt diversos, tant com a fortificacions, batalles;<\/span><\/span> <span class=\"jCAhz ChMk0b\"><span class=\"ryNqvb\">aix\u00ed com aspectes menys coneguts.<\/span><\/span> <\/span><\/p>\n<p><span class=\"HwtZe\" lang=\"ca\"><span class=\"jCAhz ChMk0b\"><span class=\"ryNqvb\">Per comen\u00e7ar, hem iniciat l&#8217;editorial amb una col\u00b7lecci\u00f3: Les Brigades Mixtes de l&#8217;Ex\u00e8rcit Popular de la Rep\u00fablica.<\/span><\/span> <span class=\"jCAhz ChMk0b\"><span class=\"ryNqvb\">Vol. I (1-25 Brigada Mixta).<\/span><\/span> <span class=\"jCAhz ChMk0b\"><span class=\"ryNqvb\">Es tracta d&#8217;una col\u00b7lecci\u00f3 de 10 volums, on cadascun est\u00e0 dividit en 25 Brigades.<\/span><\/span> <span class=\"jCAhz ChMk0b\"><span class=\"ryNqvb\">El llibre \u00e9s una versi\u00f3 revisada i ampliada de la famosa obra de Carlos Engel Masoliver, i on els seus autors, Carlos Engel Cellier i Adri\u00e1n Cabezas S\u00e1nchez, s&#8217;han acurat perqu\u00e8 sigui una obra de qualitat.<\/span><\/span> <\/span><\/p>\n<p>&nbsp;<\/p>\n<p><strong><span class=\"HwtZe\" lang=\"ca\"><span class=\"jCAhz ChMk0b\"><span class=\"ryNqvb\">LES BRIGADES MIXTES DE L&#8217;EX\u00c8RCIT POPULAR DE LA REP\u00daBLICA<\/span><\/span> <\/span><\/strong><\/p>\n<ul>\n<li style=\"text-align: left;\"><span class=\"HwtZe\" lang=\"ca\"><span class=\"jCAhz ChMk0b\"><span class=\"ryNqvb\">VOL.<\/span><\/span> <span class=\"jCAhz ChMk0b\"><span class=\"ryNqvb\">I (1-25 BRIGADA MIXTA)<\/span><\/span> <\/span><\/li>\n<li style=\"text-align: left;\"><span class=\"HwtZe\" lang=\"ca\"><span class=\"jCAhz ChMk0b\"><span class=\"ryNqvb\">VOL.<\/span><\/span> <span class=\"jCAhz ChMk0b\"><span class=\"ryNqvb\">II (26-50 BRIGADA MIXTA)<\/span><\/span> <\/span><\/li>\n<li style=\"text-align: left;\"><span class=\"HwtZe\" lang=\"ca\"><span class=\"jCAhz ChMk0b\"><span class=\"ryNqvb\">VOL.<\/span><\/span> <span class=\"jCAhz ChMk0b\"><span class=\"ryNqvb\">III (51-75 BRIGADA MIXTA)<\/span><\/span> <\/span><\/li>\n<li style=\"text-align: left;\"><span class=\"HwtZe\" lang=\"ca\"><span class=\"jCAhz ChMk0b\"><span class=\"ryNqvb\">VOL.<\/span><\/span> <span class=\"jCAhz ChMk0b\"><span class=\"ryNqvb\">IV (76-100 BRIGADA MIXTA)<\/span><\/span> <\/span><\/li>\n<li style=\"text-align: left;\"><span class=\"HwtZe\" lang=\"ca\"><span class=\"jCAhz ChMk0b\"><span class=\"ryNqvb\">VOL.<\/span><\/span> <span class=\"jCAhz ChMk0b\"><span class=\"ryNqvb\">V (101-125 BRIGADA MIXTA)<\/span><\/span> <\/span><\/li>\n<li style=\"text-align: left;\"><span class=\"HwtZe\" lang=\"ca\"><span class=\"jCAhz ChMk0b\"><span class=\"ryNqvb\">VOL.<\/span><\/span> <span class=\"jCAhz ChMk0b\"><span class=\"ryNqvb\">VI (126-150 BRIGADA MIXTA)<\/span><\/span> <\/span><\/li>\n<li style=\"text-align: left;\"><span class=\"HwtZe\" lang=\"ca\"><span class=\"jCAhz ChMk0b\"><span class=\"ryNqvb\">VOL.<\/span><\/span> <span class=\"jCAhz ChMk0b\"><span class=\"ryNqvb\">VII (151-175 BRIGADA MIXTA)<\/span><\/span> <\/span><\/li>\n<li style=\"text-align: left;\"><span class=\"HwtZe\" lang=\"ca\"><span class=\"jCAhz ChMk0b\"><span class=\"ryNqvb\">VOL.<\/span><\/span> <span class=\"jCAhz ChMk0b\"><span class=\"ryNqvb\">VIII (176-200 BRIGADA MIXTA)<\/span><\/span> <\/span><\/li>\n<li style=\"text-align: left;\"><span class=\"HwtZe\" lang=\"ca\"><span class=\"jCAhz ChMk0b\"><span class=\"ryNqvb\">VOL.<\/span><\/span> <span class=\"jCAhz ChMk0b\"><span class=\"ryNqvb\">IX (201-225 BRIGADA MIXTA)<\/span><\/span> <\/span><\/li>\n<li style=\"text-align: left;\"><span class=\"HwtZe\" lang=\"ca\"><span class=\"jCAhz ChMk0b\"><span class=\"ryNqvb\">VOL.<\/span><\/span> <span class=\"jCAhz ChMk0b\"><span class=\"ryNqvb\">X (226-246 BRIGADA MIXTA I BRIGADES MIXTES DEL NORD)<\/span><\/span> <\/span><\/li>\n<\/ul>\n<p><span class=\"HwtZe\" lang=\"ca\"><span class=\"jCAhz ChMk0b\"><span class=\"ryNqvb\"><img decoding=\"async\" class=\"aligncenter\" src=\"http:\/\/griegc.com\/wp-content\/uploads\/2023\/04\/Portada-scaled.jpg\" \/><\/span><\/span><\/span><\/p>\n<p><strong><span class=\"HwtZe\" lang=\"ca\"><span class=\"jCAhz ChMk0b\"><span class=\"ryNqvb\">INFORMACI\u00d3:<\/span><\/span> <\/span><\/strong><\/p>\n<p><span class=\"HwtZe\" lang=\"ca\"><span class=\"jCAhz ChMk0b\"><span class=\"ryNqvb\">El format triat ha estat el mateix per a cada Brigada Mixta: resum del seu historial;<\/span><\/span> <span class=\"jCAhz ChMk0b\"><span class=\"ryNqvb\">dades de la Brigada presentades en diferents quadres (Cronologia, Enquadrament i Comandaments);<\/span><\/span> <span class=\"jCAhz ChMk0b\"><span class=\"ryNqvb\">biografies d&#8217;alguns dels membres;<\/span><\/span> <span class=\"jCAhz ChMk0b\"><span class=\"ryNqvb\">i publicacions de la Brigada.<\/span><\/span> <span class=\"jCAhz ChMk0b\"><span class=\"ryNqvb\">Tot aix\u00f2 acompanyat amb fotografies i imatges a color, amb l&#8217;objectiu de poder aportar de manera ordenada, senzilla i amena, el m\u00e0xim d&#8217;informaci\u00f3 de cada Brigada Mixta.<\/span><\/span> <span class=\"jCAhz ChMk0b\"><span class=\"ryNqvb\">Val a dir que som conscients de la magnitud del projecte i dels errors que hi puguin haver, per\u00f2 hem intentat revisar, ordenar i resumir tota la informaci\u00f3 existent de cada Brigada Mixta perqu\u00e8 l&#8217;obra sigui una refer\u00e8ncia de consulta, tant per a investigadors com per a qualsevol<\/span><\/span> <span class=\"jCAhz ChMk0b\"><span class=\"ryNqvb\">persona interessada en la mat\u00e8ria. El disseny de portada est\u00e0 fet per l&#8217;ilustrador Eneko Tabernilla, amb gran experi\u00e8ncia en aquest tipus de feines.<\/span><\/span> <\/span><\/p>\n<p><strong><span class=\"HwtZe\" lang=\"ca\"><span class=\"jCAhz ChMk0b\"><span class=\"ryNqvb\">ADQUISICI\u00d3 I PREU:<\/span><\/span> <\/span><\/strong><\/p>\n<p><span class=\"HwtZe\" lang=\"ca\"><span class=\"jCAhz ChMk0b\"><span class=\"ryNqvb\">Per adquirir el llibre cal posar-se en contacte al mail: griegceditorial@gmail.com, o per Whatsapp al tel\u00e8fon 649229740.<\/span><\/span> <\/span><span class=\"HwtZe\" lang=\"ca\"><span class=\"jCAhz ChMk0b\"><span class=\"ryNqvb\">El preu \u00e9s de 28 euros amb enviament incl\u00f2s (22\u20ac + 6\u20ac enviament).<\/span><\/span> <span class=\"jCAhz ChMk0b\"><span class=\"ryNqvb\">L&#8217;enviament es fa a trav\u00e9s de Correus i nom\u00e9s a territori nacional, i triga entre uns 3-4 dies.<\/span><\/span> <span class=\"jCAhz ChMk0b\"><span class=\"ryNqvb\">A les possibles presentacions que es puguin fer o al Centre d&#8217;Interpretaci\u00f3 de la L\u00ednia del Cinca situat a Monz\u00f3n (Osca), es podr\u00e0 adquirir a partir del 13 de maig al preu de 22 euros.<\/span><\/span> <span class=\"jCAhz ChMk0b\"><span class=\"ryNqvb\">De moment est\u00e0 confirmada la presentaci\u00f3 que es dur\u00e0 a terme a la llibreria El Segle de Sant Cugat del Vall\u00e8s (Barcelona) el proper 18 de maig a les 19:00 hores.<\/span><\/span> <\/span><\/p>\n<p><span class=\"HwtZe\" lang=\"ca\"><span class=\"jCAhz ChMk0b\"><span class=\"ryNqvb\">El llibre nom\u00e9s est\u00e0 disponible en castell\u00e0.<\/span><\/span> <\/span><\/p>\n<p><span class=\"HwtZe\" lang=\"ca\"><span class=\"jCAhz ChMk0b\"><span class=\"ryNqvb\">Us deixem aqu\u00ed el cap\u00edtol dedicat a la 1a Brigada Mixta, a veure que us sembla.<\/span><\/span><\/span><\/p>\n<p><span class=\"HwtZe\" lang=\"ca\"><span class=\"jCAhz ChMk0b\"><span class=\"ryNqvb\">\u00a0<\/span><\/span><\/span><\/p>\n<p><img decoding=\"async\" class=\"aligncenter\" src=\"http:\/\/griegc.com\/wp-content\/uploads\/2023\/04\/1-1.jpg\" \/><\/p>\n<p><img decoding=\"async\" class=\"aligncenter\" src=\"http:\/\/griegc.com\/wp-content\/uploads\/2023\/04\/2-1.jpg\" \/><\/p>\n<p>&nbsp;<\/p>\n<p><img decoding=\"async\" class=\"details-image\" draggable=\"false\" src=\"http:\/\/griegc.com\/wp-content\/uploads\/2023\/04\/4-1.jpg\" alt=\"\" \/><\/p>\n<p><img decoding=\"async\" class=\"details-image\" draggable=\"false\" src=\"http:\/\/griegc.com\/wp-content\/uploads\/2023\/04\/5-1.jpg\" alt=\"\" \/><\/p>\n<p><img decoding=\"async\" class=\"details-image\" draggable=\"false\" src=\"http:\/\/griegc.com\/wp-content\/uploads\/2023\/04\/6-1.jpg\" alt=\"\" \/><img decoding=\"async\" class=\"details-image\" draggable=\"false\" src=\"http:\/\/griegc.com\/wp-content\/uploads\/2023\/04\/7-1.jpg\" alt=\"\" \/><\/p>\n<p><img decoding=\"async\" class=\"details-image\" draggable=\"false\" src=\"http:\/\/griegc.com\/wp-content\/uploads\/2023\/04\/8-1.jpg\" alt=\"\" \/><\/p>\n<p>&nbsp;<\/p>\n<p>&nbsp;<\/p>\n<p>&nbsp;<\/p>\n","protected":false},"excerpt":{"rendered":"<p>Despr\u00e9s d&#8217;uns anys plantejant-ho, finalment hem decidit obrir la nostra pr\u00f2pia l\u00ednia editorial de GRIEGC. Portem molts anys de recerca, de treballs sobre el terreny, d&#8217;acumular material hist\u00f2ric, que ha arribat el moment que es pugui publicar. Per aix\u00f2 mateix, hem establert aquesta nova editorial&#8230;<\/p>\n","protected":false},"author":1,"featured_media":9947,"comment_status":"open","ping_status":"open","sticky":false,"template":"","format":"standard","meta":{"_jetpack_memberships_contains_paid_content":false,"footnotes":""},"categories":[555,349,556,394,563,100,557,564,565,558],"tags":[277,559,560,397,260,103,561,562,566,439,435],"class_list":["post-9954","post","type-post","status-publish","format-standard","has-post-thumbnail","hentry","category-brigada-mixta-ca","category-brigadas-internacionales-ca","category-editorial-ca","category-ejercito-popular-de-la-republica-ca","category-exerxcit-popular-de-la-republica","category-guerra-civil-2-ca","category-libro-ca","category-llibre","category-publicacio","category-publicacion-ca","tag-brigadas-internacionales-ca","tag-brigadas-mixtas-ca","tag-editorial-ca","tag-ejercito-popular-de-la-republica-ca","tag-exercit-popular-de-la-republica","tag-guerra-civil-ca","tag-historia-ca","tag-libro-ca","tag-llibre","tag-publicacio","tag-publicacion-ca"],"jetpack_featured_media_url":"https:\/\/griegc.com\/wp-content\/uploads\/2023\/04\/1682371597.jpg","jetpack_sharing_enabled":true,"_links":{"self":[{"href":"https:\/\/griegc.com\/ca\/wp-json\/wp\/v2\/posts\/9954","targetHints":{"allow":["GET"]}}],"collection":[{"href":"https:\/\/griegc.com\/ca\/wp-json\/wp\/v2\/posts"}],"about":[{"href":"https:\/\/griegc.com\/ca\/wp-json\/wp\/v2\/types\/post"}],"author":[{"embeddable":true,"href":"https:\/\/griegc.com\/ca\/wp-json\/wp\/v2\/users\/1"}],"replies":[{"embeddable":true,"href":"https:\/\/griegc.com\/ca\/wp-json\/wp\/v2\/comments?post=9954"}],"version-history":[{"count":7,"href":"https:\/\/griegc.com\/ca\/wp-json\/wp\/v2\/posts\/9954\/revisions"}],"predecessor-version":[{"id":9967,"href":"https:\/\/griegc.com\/ca\/wp-json\/wp\/v2\/posts\/9954\/revisions\/9967"}],"wp:featuredmedia":[{"embeddable":true,"href":"https:\/\/griegc.com\/ca\/wp-json\/wp\/v2\/media\/9947"}],"wp:attachment":[{"href":"https:\/\/griegc.com\/ca\/wp-json\/wp\/v2\/media?parent=9954"}],"wp:term":[{"taxonomy":"category","embeddable":true,"href":"https:\/\/griegc.com\/ca\/wp-json\/wp\/v2\/categories?post=9954"},{"taxonomy":"post_tag","embeddable":true,"href":"https:\/\/griegc.com\/ca\/wp-json\/wp\/v2\/tags?post=9954"}],"curies":[{"name":"wp","href":"https:\/\/api.w.org\/{rel}","templated":true}]}}